{"id":40822,"date":"2019-02-22T12:16:23","date_gmt":"2019-02-22T15:16:23","guid":{"rendered":"https:\/\/www.actualidadadiario.com\/?p=40822"},"modified":"2019-05-06T20:54:12","modified_gmt":"2019-05-06T23:54:12","slug":"entre-rios-presenta-los-indices-historicos-mas-bajos-de-mortalidad-materno-infantil","status":"publish","type":"post","link":"https:\/\/www.actualidadadiario.com\/index.php\/2019\/02\/22\/entre-rios-presenta-los-indices-historicos-mas-bajos-de-mortalidad-materno-infantil\/","title":{"rendered":"Entre R\u00edos presenta los \u00edndices hist\u00f3ricos m\u00e1s bajos de mortalidad materno \u2013 infantil"},"content":{"rendered":"<p><em><strong>Disminuyeron notablemente los indicadores de mortalidad materna e infantil a partir de las estrategias llevadas adelante por el Ministerio de Salud de Entre R\u00edos en materia de reordenamiento de la capacidad resolutiva de cada efector, as\u00ed como el acceso de equipos sanitarios a capacitaciones<\/strong><\/em><\/p>\n<p>&nbsp;<\/p>\n<p>&nbsp;<\/p>\n<p>&nbsp;<\/p>\n<p>Progresivamente, el Gobierno de Entre R\u00edos, a trav\u00e9s del Ministerio de Salud ha desarrollado acciones para fortalecer el sistema sanitario de forma tal de reducir indicadores de hechos vitales. En ese sentido, de acuerdo al \u00faltimo reporte emitido por la Direcci\u00f3n de Estad\u00edsticas e Informaci\u00f3n de Salud (DEIS) de la Naci\u00f3n, y seg\u00fan la informaci\u00f3n correspondiente a 2017, disminuyeron notablemente la mortalidad materna e infantil en la provincia.<\/p>\n<p>Seg\u00fan un informe elaborado por la Sala de Situaci\u00f3n de la cartera sanitaria, en base a los datos de la DEIS, la mortalidad en menores de 1 a\u00f1o ha disminuido en un 66,3 por ciento a lo largo de 27 a\u00f1os. Es decir, de 24,3 fallecidos por mil nacidos vivos en 1990, se pas\u00f3 a 8,2 en 2017, observ\u00e1ndose la tasa de mortalidad m\u00e1s baja de la historia. Teniendo en cuenta los indicadores a nivel nacional de 9,3 por mil nacidos vivos, Entre R\u00edos se encuentra por debajo de la media.<\/p>\n<p>En tanto, la tasa de mortalidad materna en la provincia en 2017 fue de 1,4 por diez mil nacidos vivos, lo cual sit\u00faa a Entre R\u00edos por debajo de la media nacional de 2,9. En ese mismo a\u00f1o, se registraron tres muertes, reduciendo alrededor del 50 por ciento la mortalidad materna en la provincia.<\/p>\n<p>Esos datos, auspiciosos y no menores, reflejan un rumbo adoptado por la cartera sanitaria provincial en el recupero de su rector\u00eda a partir de la adopci\u00f3n de medidas claves. Los resultados perinatales logrados en t\u00e9rminos de reducci\u00f3n de muerte materno, infantil y perinatal en la provincia se deben a los esfuerzos sostenidos en el tiempo por los equipos, organizando los servicios y definiendo la complejidad de cada efector, as\u00ed como participando de instancias de sensibilizaci\u00f3n y capacitaci\u00f3n perinatal junto a la Organizaci\u00f3n Panamericana de la Salud (OPS).<\/p>\n<p>Estos indicadores fueron oportunamente presentados por el gobernador Gustavo Bordet ante la Asamblea Legislativa en la apertura de las 140 sesiones ordinarias. En la ocasi\u00f3n, el mandatario indic\u00f3: \u201cHemos trazado una meta que la asum\u00ed al primer a\u00f1o de gesti\u00f3n y que ten\u00eda que ver con mejorar todo nuestro sistema de salud. Hay un indicador que es el que m\u00e1s duele, que es el de la mortalidad infantil. Y fue un desvelo desde el d\u00eda que tomamos posesi\u00f3n. En estas \u00faltimas semanas hemos recibido el informe que se emite por organismos p\u00fablicos donde la mortalidad en Entre R\u00edos baj\u00f3 a un d\u00edgito\u201d.<\/p>\n<p>\u201cEs un registro hist\u00f3rico en nuestra provincia, lo cual nos obliga a seguir trabajando con mucha m\u00e1s responsabilidad, porque este \u00edndice todav\u00eda nos sigue doliendo y hay que generar estrategias con m\u00e1s compromiso \u2013se\u00f1al\u00f3 Bordet-. Por eso, quiero agradecerles y felicitar a tantas personas an\u00f3nimas, en nuestros hospitales, nuestros centros de salud, que con profesionalidad y responsabilidad ponen la cara y el cuerpo todos los d\u00edas para brindar soluciones de salud\u201d, destac\u00f3.<\/p>\n<p>Adem\u00e1s, el Gobernador manifest\u00f3: \u201cIgual comportamiento tuvo el descenso de la mortalidad materna, ubic\u00e1ndose en una tasa de 1,4 por cada diez mil nacidos vivos. Estos indicadores nos generan mayor compromiso y nos obligan a redoblar los esfuerzos que mencionaba anteriormente\u201d.<\/p>\n<p>En l\u00ednea con lo que anunci\u00f3 el gobernador, la ministra de Salud, Sonia Vel\u00e1zquez, remarc\u00f3: \u201cLas pol\u00edticas integrales llevadas adelante se pautaron en funci\u00f3n de metas sanitaras logradas por la racionalizaci\u00f3n de recursos y efectividad teniendo en cuenta los indicadores m\u00e1s sensibles. Las estrategias son muchas y sostenidas en el tiempo, como la institucionalizaci\u00f3n de la Regionalizaci\u00f3n Perinatal, las capacitaciones a los equipos de salud, la designaci\u00f3n de coordinadores perinatales en las cabeceras de Regi\u00f3n, y la evaluaci\u00f3n constante de datos\u201d.<\/p>\n<p>\u201cCompartimos una informaci\u00f3n que nos ha provisto la DEIS a nivel nacional respecto a la baja de los indicadores de mortalidad materna e infantil en Entre R\u00edos, ubic\u00e1ndonos por debajo de la media nacional\u201d, asegur\u00f3 Vel\u00e1zquez, al tiempo que agreg\u00f3: \u201cEsto significa un compromiso que volvemos a redoblar en funci\u00f3n de seguir profundizando el trabajo con la regionalizaci\u00f3n perinatal intersectorialmente con otras \u00e1reas del gobierno provincial entendiendo a la salud como un derecho humano b\u00e1sico en el abordaje del proceso de salud \u2013 enfermedad\u201d.<\/p>\n<p>&nbsp;<\/p>\n<p><strong>Ordenamiento y complejidad de las maternidades<\/strong><\/p>\n<p>En este contexto, una de las acciones sobresalientes que tom\u00f3 forma despu\u00e9s de un arduo trabajo de auditor\u00eda y evaluaci\u00f3n de procesos, y que empez\u00f3 a formarse en 2014, fue la Regionalizaci\u00f3n Perinatal, la cual otorg\u00f3 un marco legal a los conceptos y pr\u00e1cticas perinatales en la salud p\u00fablica. A partir de la Resoluci\u00f3n N\u00b0 3397 del 2017, se dio lugar a este documento que organiza a las maternidades en establecimientos seguros y centrados en la familia para alcanzar el parto humanizado.<\/p>\n<p>De esta manera, se readecuaron las \u00e1reas intervinientes en pos de concretar el trabajo en red a nivel provincial considerando distintas dificultades y dando impulso a la noci\u00f3n del derecho a la salud perinatal, que implica que los servicios deben garantizar las denominadas Condiciones Obst\u00e9tricas y Neonatales Esenciales (CONE). Esto implica sostener el componente m\u00e9dico de la atenci\u00f3n que comprende desde procedimientos obst\u00e9tricos hasta tratamientos, asistencia neonatal inmediata, y transfusiones de sangre, entre otros.<\/p>\n<p>En 2010 hab\u00eda 45 hospitales en los que se hac\u00edan partos, mientras que actualmente est\u00e1n reconocidas 11 maternidades p\u00fablicas que concentran m\u00e1s del 90 por ciento de los nacimientos, y cumplen con las medidas y condiciones de seguridad.<\/p>\n<p>&nbsp;<\/p>\n<p>El reordenamiento del sector sanitario, no solamente se bas\u00f3 en las capacidades y complejidades de los efectores, sino tambi\u00e9n en dotar de equipamiento, insumos e infraestructura a los establecimientos divididos en niveles, bajo la firme impronta de que todas las mujeres necesitan acceso al control prenatal durante la gestaci\u00f3n, a la atenci\u00f3n especializada en el parto, y a la contenci\u00f3n y apoyo en las primeras semanas de puerperio.<\/p>\n<p>&nbsp;<\/p>\n<p><strong>Mortalidad infantil y materna, en n\u00fameros<\/strong><\/p>\n<p>Las mejoras que pueden observarse al analizar retrospectivamente los indicadores de mortalidad perinatal en Entre R\u00edos no pueden aislarse del camino iniciado en la provincia al asumir la responsabilidad de producir un cambio en el modelo de organizaci\u00f3n y atenci\u00f3n de la salud materna e infantil.<\/p>\n<p>Seg\u00fan un informe elaborado por la Sala de Situaci\u00f3n de la cartera sanitaria, en base a los datos de la DEIS, dos de cada tres muertes infantiles, ocurren en el per\u00edodo neonatal (durante el primer mes de vida).<\/p>\n<p>La mayor\u00eda de los fallecimientos neonatales se deben a partos prematuros, asfixias durante el parto e infecciones. Entre estos factores se encuentran la socio-sanitarios, el estado inmunol\u00f3gico, el acceso a una atenci\u00f3n adecuada y la capacidad de los cuidadores del ni\u00f1o de detectar cuando tiene un problema potencialmente grave.<\/p>\n<p>Seg\u00fan los datos de la DEIS, m\u00e1s de la mitad de las muertes de ni\u00f1os menores de cinco a\u00f1os se deben a enfermedades prevenibles y tratables mediante intervenciones simples, oportunas y eficaces. Asimismo, para evitar estas muertes, son fundamentales un parto seguro y cuidados neonatales esenciales.<\/p>\n<p>Por otra parte, cada a\u00f1o mueren aproximadamente nueve mujeres por causas relacionadas con el embarazo y el parto en Entre R\u00edos desde 2000. El mayor riesgo corresponde a las adolescentes menores de 15 a\u00f1os. En este sentido, y como estrategia sanitaria priorizada, el Ministerio de Salud avanza en una gu\u00eda conceptual y operativa como herramienta de consulta y aplicaci\u00f3n en hospitales y centros de salud para el abordaje integral, interdisciplinario e interinstitucional del embarazo en ni\u00f1as y adolescentes en esa franja et\u00e1rea.<\/p>\n<p>La mayor\u00eda de las complicaciones aparecen durante la gestaci\u00f3n y, en gran medida, son prevenibles y tratables. El 75 por ciento de las muertes maternas son causadas por: hemorragias graves; infecciones; hipertensi\u00f3n gestacional; enfermedades cr\u00f3nicas; y abortos riesgosos. En este \u00faltimo punto, cabe destacar que la provincia, mediante Resoluci\u00f3n 2883 y 3616 actualiz\u00f3 en 2017 el Protocolo para la atenci\u00f3n Integral de las personas con derecho a la Interrupci\u00f3n Legal del Embarazo (ILE), adhiriendo al Protocolo Nacional que respeta el C\u00f3digo Penal Art. 86, Inc. 1 y 2; el fallo FAL de la Corte Suprema de la Naci\u00f3n, y las disposiciones del nuevo C\u00f3digo Civil y Comercial.<\/p>\n<p>Para consultar por los datos de la DEIS, cabe citar que la informaci\u00f3n es p\u00fablica y se puede acceder a trav\u00e9s del siguiente link: http:\/\/www.deis.msal.gov.ar\/<\/p>\n","protected":false},"excerpt":{"rendered":"<p>Disminuyeron notablemente los indicadores de mortalidad materna e infantil a partir de las estrategias llevadas adelante por el Ministerio de Salud de Entre R\u00edos en materia de reordenamiento de la capacidad resolutiva de cada efector, as\u00ed como el acceso de equipos sanitarios a capacitaciones &nbsp; &nbsp; &nbsp; Progresivamente, el Gobierno de Entre R\u00edos, a trav\u00e9s del Ministerio de Salud ha desarrollado acciones para fortalecer el sistema sanitario de forma tal de reducir indicadores de hechos vitales. En ese sentido, de acuerdo al \u00faltimo reporte emitido por la Direcci\u00f3n de Estad\u00edsticas&#8230;<\/p>\n","protected":false},"author":3,"featured_media":40823,"comment_status":"closed","ping_status":"closed","sticky":false,"template":"","format":"standard","meta":[],"categories":[15],"tags":[],"_links":{"self":[{"href":"https:\/\/www.actualidadadiario.com\/index.php\/wp-json\/wp\/v2\/posts\/40822"}],"collection":[{"href":"https:\/\/www.actualidadadiario.com\/index.php\/wp-json\/wp\/v2\/posts"}],"about":[{"href":"https:\/\/www.actualidadadiario.com\/index.php\/wp-json\/wp\/v2\/types\/post"}],"author":[{"embeddable":true,"href":"https:\/\/www.actualidadadiario.com\/index.php\/wp-json\/wp\/v2\/users\/3"}],"replies":[{"embeddable":true,"href":"https:\/\/www.actualidadadiario.com\/index.php\/wp-json\/wp\/v2\/comments?post=40822"}],"version-history":[{"count":1,"href":"https:\/\/www.actualidadadiario.com\/index.php\/wp-json\/wp\/v2\/posts\/40822\/revisions"}],"predecessor-version":[{"id":40824,"href":"https:\/\/www.actualidadadiario.com\/index.php\/wp-json\/wp\/v2\/posts\/40822\/revisions\/40824"}],"wp:featuredmedia":[{"embeddable":true,"href":"https:\/\/www.actualidadadiario.com\/index.php\/wp-json\/wp\/v2\/media\/40823"}],"wp:attachment":[{"href":"https:\/\/www.actualidadadiario.com\/index.php\/wp-json\/wp\/v2\/media?parent=40822"}],"wp:term":[{"taxonomy":"category","embeddable":true,"href":"https:\/\/www.actualidadadiario.com\/index.php\/wp-json\/wp\/v2\/categories?post=40822"},{"taxonomy":"post_tag","embeddable":true,"href":"https:\/\/www.actualidadadiario.com\/index.php\/wp-json\/wp\/v2\/tags?post=40822"}],"curies":[{"name":"wp","href":"https:\/\/api.w.org\/{rel}","templated":true}]}}