{"id":4082,"date":"2016-11-08T10:08:35","date_gmt":"2016-11-08T13:08:35","guid":{"rendered":"http:\/\/actualidadadiario.com\/site\/?p=4082"},"modified":"2016-11-08T10:08:35","modified_gmt":"2016-11-08T13:08:35","slug":"economistas-mas-cautelosos-sobre-la-recuperacion","status":"publish","type":"post","link":"https:\/\/www.actualidadadiario.com\/index.php\/2016\/11\/08\/economistas-mas-cautelosos-sobre-la-recuperacion\/","title":{"rendered":"Economistas, m\u00e1s cautelosos sobre la recuperaci\u00f3n"},"content":{"rendered":"<p><em><strong>Los expertos convocados por la Felaban pusieron ciertos reparos sobre la llegada pronta de las inversiones. Bajar la inflaci\u00f3n al 1,5% es el desaf\u00edo<\/strong><\/em><\/p>\n<p>&nbsp;<\/p>\n<p>&nbsp;<\/p>\n<p>&nbsp;<\/p>\n<p>&nbsp;<\/p>\n<p>&nbsp;<\/p>\n<p>El economista jefe para Am\u00e9rica del Sur del banco HSBC, Javier Finkman, advirti\u00f3 ayer que la recesi\u00f3n en la Argentina es &#8220;m\u00e1s fuerte y profunda de lo anticipado&#8221;, lo cual demorar\u00e1 la llegada de inversiones y la reactivaci\u00f3n. Durante su exposici\u00f3n en la 50\u00aa Asamblea Anual de la Federaci\u00f3n Latinoamericana de Bancos (Felaban) sostuvo que la recesi\u00f3n &#8220;continu\u00f3 hasta pr\u00e1cticamente entrado el tercer trimestre&#8221; y se\u00f1al\u00f3 que eso &#8220;explica la demora en la recuperaci\u00f3n de la inversi\u00f3n y la baja utilizaci\u00f3n de la capacidad instalada&#8221;. &#8220;La recuperaci\u00f3n viene siendo m\u00e1s larga y la contracci\u00f3n m\u00e1s profunda&#8221;, dijo Finkman, quien consider\u00f3 que &#8220;el desaf\u00edo es que la pol\u00edtica econ\u00f3mica y la pol\u00edtica tienen que manejar los problemas como la recesi\u00f3n, la inflaci\u00f3n, el gradualismo fiscal y la fuerte dependencia de los mercados para financiar un d\u00e9ficit fiscal todav\u00eda algo elevado&#8221;.<\/p>\n<p>&nbsp;<\/p>\n<p>Destac\u00f3 las reformas realizadas por el Gobierno en materia econ\u00f3mica, a las que calific\u00f3 de &#8220;bastante impresionantes&#8221;, como la reducci\u00f3n de las retenciones a las exportaciones, el engrosamiento de las reservas y la normalizaci\u00f3n de las estad\u00edsticas p\u00fablicas. Finkman resalt\u00f3 que Brasil &#8220;se est\u00e1 recuperando y nos va a dar crecimiento, sumado a que hay buenas perspectivas para la cosecha, reactivaci\u00f3n de la obra p\u00fablica y una mejora marginal del mercado de trabajo&#8221;. Consider\u00f3 reducir la inflaci\u00f3n como &#8220;uno de los desaf\u00edos m\u00e1s importantes&#8221;, y llegar a &#8220;consolidarla debajo de lo que fue la tendencia del 1,6% mensual&#8221;.<\/p>\n<p>&nbsp;<\/p>\n<p>Otros economistas que participaron del panel, como Juan Manuel Ruiz, del BBVA, pronosticaron un &#8220;crecimiento en Am\u00e9rica Latina, pero gradual y sujeto a grandes riesgos&#8221; relacionados con la incertidumbre mundial, y se\u00f1alaron que &#8220;la consolidaci\u00f3n fiscal requiere financiamiento durante la transici\u00f3n y que las pol\u00edticas fiscales acompa\u00f1en a las pol\u00edticas monetarias&#8221;. Ruiz hizo hincapi\u00e9 en el escenario internacional y su impacto en Am\u00e9rica Latina, y dijo observar &#8220;datos positivos pero riesgos significativos, el comercio est\u00e1 tomando un poco m\u00e1s de dinamismo en los \u00faltimos trimestres, pero crecimiento lento&#8221;. Explic\u00f3 que los bancos centrales de las econom\u00edas desarrolladas buscan ser cautelosos respecto de qu\u00e9 medida y a qu\u00e9 ritmo van retirando el est\u00edmulo monetario que pusieron en marcha en los \u00faltimos siete a\u00f1os.<\/p>\n","protected":false},"excerpt":{"rendered":"<p>Los expertos convocados por la Felaban pusieron ciertos reparos sobre la llegada pronta de las inversiones. Bajar la inflaci\u00f3n al 1,5% es el desaf\u00edo &nbsp; &nbsp; &nbsp; &nbsp; &nbsp; El economista jefe para Am\u00e9rica del Sur del banco HSBC, Javier Finkman, advirti\u00f3 ayer que la recesi\u00f3n en la Argentina es &#8220;m\u00e1s fuerte y profunda de lo anticipado&#8221;, lo cual demorar\u00e1 la llegada de inversiones y la reactivaci\u00f3n. Durante su exposici\u00f3n en la 50\u00aa Asamblea Anual de la Federaci\u00f3n Latinoamericana de Bancos (Felaban) sostuvo que la recesi\u00f3n &#8220;continu\u00f3 hasta pr\u00e1cticamente entrado&#8230;<\/p>\n","protected":false},"author":3,"featured_media":4083,"comment_status":"closed","ping_status":"closed","sticky":false,"template":"","format":"standard","meta":[],"categories":[2],"tags":[],"_links":{"self":[{"href":"https:\/\/www.actualidadadiario.com\/index.php\/wp-json\/wp\/v2\/posts\/4082"}],"collection":[{"href":"https:\/\/www.actualidadadiario.com\/index.php\/wp-json\/wp\/v2\/posts"}],"about":[{"href":"https:\/\/www.actualidadadiario.com\/index.php\/wp-json\/wp\/v2\/types\/post"}],"author":[{"embeddable":true,"href":"https:\/\/www.actualidadadiario.com\/index.php\/wp-json\/wp\/v2\/users\/3"}],"replies":[{"embeddable":true,"href":"https:\/\/www.actualidadadiario.com\/index.php\/wp-json\/wp\/v2\/comments?post=4082"}],"version-history":[{"count":1,"href":"https:\/\/www.actualidadadiario.com\/index.php\/wp-json\/wp\/v2\/posts\/4082\/revisions"}],"predecessor-version":[{"id":4084,"href":"https:\/\/www.actualidadadiario.com\/index.php\/wp-json\/wp\/v2\/posts\/4082\/revisions\/4084"}],"wp:featuredmedia":[{"embeddable":true,"href":"https:\/\/www.actualidadadiario.com\/index.php\/wp-json\/wp\/v2\/media\/4083"}],"wp:attachment":[{"href":"https:\/\/www.actualidadadiario.com\/index.php\/wp-json\/wp\/v2\/media?parent=4082"}],"wp:term":[{"taxonomy":"category","embeddable":true,"href":"https:\/\/www.actualidadadiario.com\/index.php\/wp-json\/wp\/v2\/categories?post=4082"},{"taxonomy":"post_tag","embeddable":true,"href":"https:\/\/www.actualidadadiario.com\/index.php\/wp-json\/wp\/v2\/tags?post=4082"}],"curies":[{"name":"wp","href":"https:\/\/api.w.org\/{rel}","templated":true}]}}