{"id":40807,"date":"2019-02-20T13:37:51","date_gmt":"2019-02-20T16:37:51","guid":{"rendered":"https:\/\/www.actualidadadiario.com\/?p=40807"},"modified":"2019-05-06T20:54:47","modified_gmt":"2019-05-06T23:54:47","slug":"el-panuelazo-por-el-aborto-legal-se-hizo-sentir-en-todo-el-pais","status":"publish","type":"post","link":"https:\/\/www.actualidadadiario.com\/index.php\/2019\/02\/20\/el-panuelazo-por-el-aborto-legal-se-hizo-sentir-en-todo-el-pais\/","title":{"rendered":"El pa\u00f1uelazo por el aborto legal se hizo sentir en todo el pa\u00eds"},"content":{"rendered":"<p><em><strong>Multitudes de mujeres se manifestaron en distintas ciudades de la Argentina a un a\u00f1o del primer pa\u00f1uelazo<\/strong><\/em><\/p>\n<p>&nbsp;<\/p>\n<p>&nbsp;<\/p>\n<p>A un a\u00f1o exacto del pa\u00f1uelazo verde que cambi\u00f3 la cabeza de la dirigencia pol\u00edtica argentina (que termin\u00f3 tratando en el Congreso un proyecto de aborto legal) y de una parte importante de la sociedad argentina, miles de mujeres volvieron a movilizarse en todo el pa\u00eds por el Aborto Legal, Seguro y Gratuito.<\/p>\n<p>Con la Plaza del Congreso como epicentro, las concentraciones se replicaron en ciudades de toda la Argentina, con los pa\u00f1uelos verdes como s\u00edmbolo inequ\u00edvoco de la b\u00fasqueda de un derecho elemental.<\/p>\n<p>Representantes de las organizaciones que forman la Campa\u00f1a Nacional se concentraron desde las 17 en el cruce de las avenidas Callao y Rivadavia, junto al Congreso, con carteles que remarcaban la necesidad del derecho a decidir, adem\u00e1s de reclamos contra la injerencia de la religi\u00f3n en los cuerpos y de la falta de pol\u00edticas del Estado argentino para frenar las muertes por abortos ilegales.<\/p>\n<p>Referentes del feminismo local pasaron por el escenario instalado en la plaza y pidieron la aplicaci\u00f3n efectiva de la Ley de Educaci\u00f3n Sexual Integral.<\/p>\n<p>Adem\u00e1s, en un momento que caus\u00f3 tensi\u00f3n con el grupo minoritario que en la previa hab\u00eda intentado frenar la participaci\u00f3n de travestis y trans en la marcha, se reivindic\u00f3 a &#8220;las mujeres que no pueden embarazarse&#8221;.<\/p>\n<p>En tanto, en la puerta del Parlamento se colg\u00f3 un cartel que indicaba con nombre y apellido a quienes votaron contra la legalizaci\u00f3n del aborto durante su tratamiento en el Senado: Carlos Menem, Julio Cobos, Jos\u00e9 Alperovich, Jos\u00e9 Mayans, \u00c1ngel Rozas, Rub\u00e9n U\u00f1ac, Alfredo de Angeli, In\u00e9s Blas y Juan Carlos Romero, entre otros, aparec\u00edan mencionados.<\/p>\n<p>Entre las organizaciones que estuvieron en la concentraci\u00f3n del Congreso se destacaron espacios de izquierda, Marea (agrupaci\u00f3n de Victoria Donda), la CTA Aut\u00f3noma (de Pablo Micheli), el Colectivo de Actrices y algunos centros de estudiantes de la UBA<\/p>\n<p>&#8220;La sensaci\u00f3n que reina en este lugar es que todo sigue intacto. Que lo que se despert\u00f3 en 2018 sigue intacto. Hubo un despertar y un cambio de conciencia m\u00e1s all\u00e1 del resultado del 8 de agosto&#8221;, dijo Jazm\u00edn Stuart, mezclada entre la multitud.<\/p>\n<p>A fines de marzo se presentar\u00e1 en el Congreso un proyecto similar al que se trat\u00f3 en ambas c\u00e1maras en 2018. Seg\u00fan sus autores, tiene retoques leves para frenar las negativas.<\/p>\n","protected":false},"excerpt":{"rendered":"<p>Multitudes de mujeres se manifestaron en distintas ciudades de la Argentina a un a\u00f1o del primer pa\u00f1uelazo &nbsp; &nbsp; A un a\u00f1o exacto del pa\u00f1uelazo verde que cambi\u00f3 la cabeza de la dirigencia pol\u00edtica argentina (que termin\u00f3 tratando en el Congreso un proyecto de aborto legal) y de una parte importante de la sociedad argentina, miles de mujeres volvieron a movilizarse en todo el pa\u00eds por el Aborto Legal, Seguro y Gratuito. Con la Plaza del Congreso como epicentro, las concentraciones se replicaron en ciudades de toda la Argentina, con&#8230;<\/p>\n","protected":false},"author":3,"featured_media":40808,"comment_status":"closed","ping_status":"closed","sticky":false,"template":"","format":"standard","meta":[],"categories":[4],"tags":[],"_links":{"self":[{"href":"https:\/\/www.actualidadadiario.com\/index.php\/wp-json\/wp\/v2\/posts\/40807"}],"collection":[{"href":"https:\/\/www.actualidadadiario.com\/index.php\/wp-json\/wp\/v2\/posts"}],"about":[{"href":"https:\/\/www.actualidadadiario.com\/index.php\/wp-json\/wp\/v2\/types\/post"}],"author":[{"embeddable":true,"href":"https:\/\/www.actualidadadiario.com\/index.php\/wp-json\/wp\/v2\/users\/3"}],"replies":[{"embeddable":true,"href":"https:\/\/www.actualidadadiario.com\/index.php\/wp-json\/wp\/v2\/comments?post=40807"}],"version-history":[{"count":1,"href":"https:\/\/www.actualidadadiario.com\/index.php\/wp-json\/wp\/v2\/posts\/40807\/revisions"}],"predecessor-version":[{"id":40809,"href":"https:\/\/www.actualidadadiario.com\/index.php\/wp-json\/wp\/v2\/posts\/40807\/revisions\/40809"}],"wp:featuredmedia":[{"embeddable":true,"href":"https:\/\/www.actualidadadiario.com\/index.php\/wp-json\/wp\/v2\/media\/40808"}],"wp:attachment":[{"href":"https:\/\/www.actualidadadiario.com\/index.php\/wp-json\/wp\/v2\/media?parent=40807"}],"wp:term":[{"taxonomy":"category","embeddable":true,"href":"https:\/\/www.actualidadadiario.com\/index.php\/wp-json\/wp\/v2\/categories?post=40807"},{"taxonomy":"post_tag","embeddable":true,"href":"https:\/\/www.actualidadadiario.com\/index.php\/wp-json\/wp\/v2\/tags?post=40807"}],"curies":[{"name":"wp","href":"https:\/\/api.w.org\/{rel}","templated":true}]}}