{"id":40799,"date":"2019-02-20T13:33:06","date_gmt":"2019-02-20T16:33:06","guid":{"rendered":"https:\/\/www.actualidadadiario.com\/?p=40799"},"modified":"2019-05-06T20:50:43","modified_gmt":"2019-05-06T23:50:43","slug":"sanz-se-mostro-a-favor-de-una-primaria-del-radicalismo-contra-macri","status":"publish","type":"post","link":"https:\/\/www.actualidadadiario.com\/index.php\/2019\/02\/20\/sanz-se-mostro-a-favor-de-una-primaria-del-radicalismo-contra-macri\/","title":{"rendered":"Sanz se mostr\u00f3 a favor de una primaria del radicalismo contra Macri"},"content":{"rendered":"<p><em><strong>El mendocino argument\u00f3 que servir\u00eda para sumar desencantados, aunque evit\u00f3 apoyar a Lousteau como candidato de la UCR<\/strong><\/em><\/p>\n<p>&nbsp;<\/p>\n<p>&nbsp;<\/p>\n<p>La posibilidad de que el radicalismo presente a su propio precandidato presidencial en la interna de Cambiemos sum\u00f3 otro apoyo de peso. Se trata del ex senador Ernesto Sanz, que si bien se mantiene alejado de la pol\u00edtica activa, sigue siendo una voz importante en la UCR y escuchada por Mauricio Macri.<\/p>\n<p>El mendocino sali\u00f3 por un rato del retiro y en una entrevista se mostr\u00f3 a favor de que el Presidente tenga competencia en las PASO de agosto, una opci\u00f3n que empuja un sector del radicalimo, rechaza otro y descarta por completo la Jefatura de Gabinete, a cargo de Marcos Pe\u00f1a.<\/p>\n<p>&#8220;Yo creo en las PASO presidenciales, me gustan&#8221;, afirm\u00f3 Sanz en radio Mitre. El ex titular de la UCR record\u00f3 el caso del 2015 cuando fue precandidato presidencial junto a Elisa Carri\u00f3 y le aportaron a Macri algo menos de seis puntos y un volumen que le termin\u00f3 siendo clave en la primera vuelta.<\/p>\n<p>&#8220;Yo fui protagonista de una PASO presidencial. Y aun sabiendo que perd\u00edamos con Lilita Carri\u00f3 fuimos a la PASO porque sab\u00edamos que los votos que nosotros le aport\u00e1bamos a Macri, que iba a ser el ganador, le sumaban para llegar a la cifra m\u00e1gica que en aquel momento era 30 por ciento y ese fue el anticipo del ballotage que luego lo puso como presidente&#8221;, rememor\u00f3 Sanz.<\/p>\n<p>&#8220;Hoy, salvando las distancias, me parece que puede significar la posibilidad de que se ampl\u00ede el marco de la oferta de Cambiemos. Y que alg\u00fan electorado que por ah\u00ed puede sentirse &#8216;desencantado&#8217; encuentre en una PASO una v\u00eda de expresi\u00f3n. Y que puedan, nutriendo a Cambiemos, puede darle mucho vigor&#8221;, argument\u00f3 el ex senador.<\/p>\n<p>La posici\u00f3n de Sanz coincide con la de Alfredo Cornejo y tambi\u00e9n con la de un sector del propio gobierno, entre los que se anotan Horacio Rodr\u00edguez Larreta y Mar\u00eda Eugenia Vidal. Sumar desencantados y darle volumen a Cambiemos, son los argumentos de quienes empujan esta idea. En la vereda de enfrente, Marcos Pe\u00f1a teme que termine esmerilando a Macri y atrayendo voto castigo.<\/p>\n<p>Sanz tambi\u00e9n se refiri\u00f3 a la posibilidad de que el rival de Macri sea Mart\u00edn Lousteau, aunque evit\u00f3 respaldarlo. &#8220;No lo s\u00e9, la verdad que no lo s\u00e9. Eso tiene que definirlo muy bien el radicalismo&#8221;, indic\u00f3, al tiempo que le pidi\u00f3 a su partido que tenga claro que en si va a la primaria sea para sumarle a Macri.<\/p>\n<p>&#8220;El partido tiene que definir si est\u00e1 dispuesto a ir a una PASO con reglas de juego, que sea con un esp\u00edritu de colaboraci\u00f3n. Porque si vas a una PASO con un esp\u00edritu de confrontaci\u00f3n, en lugar de atraer nuevo electorado lo vas a espantar. Tiene que ir con un criterio de sumatoria, ir a sumar&#8221;, detall\u00f3.<\/p>\n<p>Macri tampoco quiere competencia e invit\u00f3 a Lousteau a la gira por India y Vietnam con la idea de convencerlo de ir como candidato a senador por la Ciudad de Buenos Aires y que, de esa forma, abandone cualquier intento de ir por la presidencia o la jefatura de gobierno porte\u00f1o.<\/p>\n<p>Pero el plan no le result\u00f3 de la mejor forma. Mientras compart\u00eda el viaje con Macri por la India, Lousteau dio una entrevista a Clar\u00edn y La Naci\u00f3n donde reafirm\u00f3 su intenci\u00f3n de ir a una interna. &#8220;No deber\u00eda haber miedo a competir (en las PASO). Porque si alguien piensa que puede ganar la elecci\u00f3n nacional, deber\u00eda pensar que va a ganar la interna. Es raro que alguien diga yo para ganar necesito que nadie me desaf\u00ede antes, \u00bfno?&#8221;, desafi\u00f3.<\/p>\n","protected":false},"excerpt":{"rendered":"<p>El mendocino argument\u00f3 que servir\u00eda para sumar desencantados, aunque evit\u00f3 apoyar a Lousteau como candidato de la UCR &nbsp; &nbsp; La posibilidad de que el radicalismo presente a su propio precandidato presidencial en la interna de Cambiemos sum\u00f3 otro apoyo de peso. Se trata del ex senador Ernesto Sanz, que si bien se mantiene alejado de la pol\u00edtica activa, sigue siendo una voz importante en la UCR y escuchada por Mauricio Macri. El mendocino sali\u00f3 por un rato del retiro y en una entrevista se mostr\u00f3 a favor de que&#8230;<\/p>\n","protected":false},"author":3,"featured_media":40800,"comment_status":"closed","ping_status":"closed","sticky":false,"template":"","format":"standard","meta":[],"categories":[18],"tags":[],"_links":{"self":[{"href":"https:\/\/www.actualidadadiario.com\/index.php\/wp-json\/wp\/v2\/posts\/40799"}],"collection":[{"href":"https:\/\/www.actualidadadiario.com\/index.php\/wp-json\/wp\/v2\/posts"}],"about":[{"href":"https:\/\/www.actualidadadiario.com\/index.php\/wp-json\/wp\/v2\/types\/post"}],"author":[{"embeddable":true,"href":"https:\/\/www.actualidadadiario.com\/index.php\/wp-json\/wp\/v2\/users\/3"}],"replies":[{"embeddable":true,"href":"https:\/\/www.actualidadadiario.com\/index.php\/wp-json\/wp\/v2\/comments?post=40799"}],"version-history":[{"count":1,"href":"https:\/\/www.actualidadadiario.com\/index.php\/wp-json\/wp\/v2\/posts\/40799\/revisions"}],"predecessor-version":[{"id":40801,"href":"https:\/\/www.actualidadadiario.com\/index.php\/wp-json\/wp\/v2\/posts\/40799\/revisions\/40801"}],"wp:featuredmedia":[{"embeddable":true,"href":"https:\/\/www.actualidadadiario.com\/index.php\/wp-json\/wp\/v2\/media\/40800"}],"wp:attachment":[{"href":"https:\/\/www.actualidadadiario.com\/index.php\/wp-json\/wp\/v2\/media?parent=40799"}],"wp:term":[{"taxonomy":"category","embeddable":true,"href":"https:\/\/www.actualidadadiario.com\/index.php\/wp-json\/wp\/v2\/categories?post=40799"},{"taxonomy":"post_tag","embeddable":true,"href":"https:\/\/www.actualidadadiario.com\/index.php\/wp-json\/wp\/v2\/tags?post=40799"}],"curies":[{"name":"wp","href":"https:\/\/api.w.org\/{rel}","templated":true}]}}