{"id":40790,"date":"2019-02-20T13:30:43","date_gmt":"2019-02-20T16:30:43","guid":{"rendered":"https:\/\/www.actualidadadiario.com\/?p=40790"},"modified":"2019-05-06T20:49:49","modified_gmt":"2019-05-06T23:49:49","slug":"ya-preparan-debates-presidenciales-2019-con-jurado-especial-y-tope-de-30-m","status":"publish","type":"post","link":"https:\/\/www.actualidadadiario.com\/index.php\/2019\/02\/20\/ya-preparan-debates-presidenciales-2019-con-jurado-especial-y-tope-de-30-m\/","title":{"rendered":"Ya preparan debates presidenciales 2019, con jurado especial y tope de $ 30 M"},"content":{"rendered":"<p><em><strong>Obligatorios por ley, dos tendr\u00e1n lugar tras las PASO y un tercero en caso de ballotage. Luego de firmar un convenio con Argentina Debate, la C\u00e1mara Electoral convoc\u00f3 a dirigentes opositores, como Juan Grabois, para su organizaci\u00f3n<\/strong><\/em><\/p>\n<p>&nbsp;<\/p>\n<p>&nbsp;<\/p>\n<p>A 249 de las elecciones generales, los debates presidenciales 2019 ya comenzaron su pre-producci\u00f3n. Por primera vez ser\u00e1n obligatorios por ley, con sanciones para los candidatos que dejen el atril vac\u00edo, como lo hizo Daniel Scioli hace casi cuatro a\u00f1os. La multa es la p\u00e9rdida de los espacios de publicidad audiovisual que reparte el Gobierno entre los frentes electorales.<\/p>\n<p>La C\u00e1mara Nacional Electoral (CNE), encargada de organizarlos, ya hizo un presupuesto preliminar, que la Casa Rosada consider\u00f3 demasiado elevado en un a\u00f1o de &#8220;d\u00e9ficit cero&#8221;: le puso un techo de $ 30.000.000. La norma fija que ser\u00e1n dos debates, con los postulantes que superen las PASO, pero podr\u00eda haber un tercero en caso de ballottage.<\/p>\n<p>Hay m\u00e1s preparativos: para colaborar con su &#8220;know how&#8221;, explicaron, se firm\u00f3 el a\u00f1o pasado un convenio con Argentina Debate, la ONG que produjo los entonces in\u00e9ditos debates de 2015 y result\u00f3 en un semillero de funcionarios para la administraci\u00f3n de Cambiemos. Ahora, para &#8220;equilibrar&#8221;, la CNE convoc\u00f3 a otras figuras p\u00fablicas, algunas de ellas identificadas con el kirchnerismo. Una de ellas es Juan Grabois, referente de Confederaci\u00f3n de los Trabajadores de la Econom\u00eda Popular (CTEP).<\/p>\n<p>Otro que fue invitado fue Horacio Gonz\u00e1lez, de Carta Abierta. Qued\u00f3 en confirmar. Tambi\u00e9n llamaron al soci\u00f3logo Atilio Bord\u00f3n; a Delia Ferreira Rubio, de Transparencia Internacional; a Mart\u00edn Etchevers de ADEPA; al rector de la UBA Alberto Barbieri; a N\u00e9stor Sclauzero de FOPEA y Gerente de Noticias de la TV P\u00fablica; entre otros.<\/p>\n<p>Por el lado del Gobierno tambi\u00e9n hubo algunos avances. El Secretario de Asuntos Pol\u00edticos del Ministerio del Interior, Adri\u00e1n P\u00e9rez, se reuni\u00f3 con el titular de los medios p\u00fablicos Hern\u00e1n Lombardi por la futura transmisi\u00f3n televisiva. Para abaratar costos, preferir\u00edan que uno de ellos se haga en los estudios de Canal 7; y no en la Facultad de Derecho de la UBA como en 2015. &#8220;Igual, seguro, los candidatos querr\u00e1n alg\u00fan escenario neutral&#8221;, anticipan.<\/p>\n<p>No ser\u00e1 lo \u00fanico que modificar\u00e1 la partida presupuestaria. La ley sancionada en 2016 establece que los debates se realizar\u00e1n \u201cdentro de los 20 y hasta los siete d\u00edas anteriores a la fecha de la elecci\u00f3n\u201d. Uno ser\u00e1 en la Ciudad de Buenos Aires y el otro, en una capital provincial. Para los gastos, l\u00f3gico, no es lo mismo Ushuaia que La Plata. Un eventual tercer encuentro suceder\u00eda 10 d\u00edas previos a una segunda vuelta.<\/p>\n<p>Las fechas, los lugares, los periodistas que moderar\u00e1n y los t\u00f3picos que se discutir\u00e1n, ser\u00e1n las pulseadas que se vendr\u00e1n en los pr\u00f3ximos meses.<\/p>\n","protected":false},"excerpt":{"rendered":"<p>Obligatorios por ley, dos tendr\u00e1n lugar tras las PASO y un tercero en caso de ballotage. Luego de firmar un convenio con Argentina Debate, la C\u00e1mara Electoral convoc\u00f3 a dirigentes opositores, como Juan Grabois, para su organizaci\u00f3n &nbsp; &nbsp; A 249 de las elecciones generales, los debates presidenciales 2019 ya comenzaron su pre-producci\u00f3n. Por primera vez ser\u00e1n obligatorios por ley, con sanciones para los candidatos que dejen el atril vac\u00edo, como lo hizo Daniel Scioli hace casi cuatro a\u00f1os. La multa es la p\u00e9rdida de los espacios de publicidad audiovisual&#8230;<\/p>\n","protected":false},"author":3,"featured_media":40791,"comment_status":"closed","ping_status":"closed","sticky":false,"template":"","format":"standard","meta":[],"categories":[9],"tags":[],"_links":{"self":[{"href":"https:\/\/www.actualidadadiario.com\/index.php\/wp-json\/wp\/v2\/posts\/40790"}],"collection":[{"href":"https:\/\/www.actualidadadiario.com\/index.php\/wp-json\/wp\/v2\/posts"}],"about":[{"href":"https:\/\/www.actualidadadiario.com\/index.php\/wp-json\/wp\/v2\/types\/post"}],"author":[{"embeddable":true,"href":"https:\/\/www.actualidadadiario.com\/index.php\/wp-json\/wp\/v2\/users\/3"}],"replies":[{"embeddable":true,"href":"https:\/\/www.actualidadadiario.com\/index.php\/wp-json\/wp\/v2\/comments?post=40790"}],"version-history":[{"count":1,"href":"https:\/\/www.actualidadadiario.com\/index.php\/wp-json\/wp\/v2\/posts\/40790\/revisions"}],"predecessor-version":[{"id":40792,"href":"https:\/\/www.actualidadadiario.com\/index.php\/wp-json\/wp\/v2\/posts\/40790\/revisions\/40792"}],"wp:featuredmedia":[{"embeddable":true,"href":"https:\/\/www.actualidadadiario.com\/index.php\/wp-json\/wp\/v2\/media\/40791"}],"wp:attachment":[{"href":"https:\/\/www.actualidadadiario.com\/index.php\/wp-json\/wp\/v2\/media?parent=40790"}],"wp:term":[{"taxonomy":"category","embeddable":true,"href":"https:\/\/www.actualidadadiario.com\/index.php\/wp-json\/wp\/v2\/categories?post=40790"},{"taxonomy":"post_tag","embeddable":true,"href":"https:\/\/www.actualidadadiario.com\/index.php\/wp-json\/wp\/v2\/tags?post=40790"}],"curies":[{"name":"wp","href":"https:\/\/api.w.org\/{rel}","templated":true}]}}