{"id":40787,"date":"2019-02-20T13:29:50","date_gmt":"2019-02-20T16:29:50","guid":{"rendered":"https:\/\/www.actualidadadiario.com\/?p=40787"},"modified":"2019-05-06T20:55:40","modified_gmt":"2019-05-06T23:55:40","slug":"doctrina-bullrich-el-gobierno-presento-su-ley-para-meter-presos-a-los-menores-de-15-anos","status":"publish","type":"post","link":"https:\/\/www.actualidadadiario.com\/index.php\/2019\/02\/20\/doctrina-bullrich-el-gobierno-presento-su-ley-para-meter-presos-a-los-menores-de-15-anos\/","title":{"rendered":"Doctrina Bullrich: el Gobierno present\u00f3 su ley para meter presos a los menores de 15 a\u00f1os"},"content":{"rendered":"<p><em><strong>La poderosa ministra de Seguridad lo hizo junto al titular de la cartera de Justicia y DD.HH. De aplicarse la norma, un adolescente podr\u00eda pasar 15, 20 o m\u00e1s a\u00f1os dentro de una c\u00e1rcel<\/strong><\/em><\/p>\n<p>&nbsp;<\/p>\n<p>&nbsp;<\/p>\n<p>Se lo hab\u00eda anotado en la lista de metas para este 2019 y por el momento su deseo marcha sobre ruedas. La ministra de Seguridad, Patricia Bullrich, logr\u00f3 finalmente presentar el anteproyecto de Ley de Responsabilidad Penal Juvenil, eufemismo con el que bautiz\u00f3, junto al titular de Justicia y DD.HH., Germ\u00e1n Garavano, al proyecto para bajar la edad de imputabilidad a 15 a\u00f1os.<\/p>\n<p>En conferencia de prensa, ambos presentaron la iniciativa junto al jurista Ricardo Gil Lavedra, quien aport\u00f3 su trabajo en el tema para una norma que seg\u00fan se prev\u00e9 ser\u00e1 tratada en el Congreso durante el mes de marzo.<\/p>\n<p>Seg\u00fan la norma actual, cuando un menor de edad comete un delito y es detenido, los jueces pueden basarse en diferentes doctrinas y, o bien liberarlo, o bien enviarlo a un juez de menores.<\/p>\n<p>Seg\u00fan Garavano, para la redacci\u00f3n del anteproyecto &#8220;se tuvieron en cuenta los 95 anteproyectos de todo el espectro pol\u00edtico, de los \u00faltimos veinte a\u00f1os, las leyes provinciales, y los reg\u00edmenes penales juveniles de Latinoam\u00e9rica, Espa\u00f1a y Alemania&#8221;.<\/p>\n<p>Por su parte, Bullrich eligi\u00f3 una frase que sirva para que titulen los medios aliados a la Casa Rosada, al decir que la ley es &#8220;para que\u00a0 haya menos delincuentes y no m\u00e1s presos&#8221;.<\/p>\n<p>La norma ser\u00e1 presentada en marzo ante el Congreso de la naci\u00f3n. &#8220;Se logr\u00f3 un texto que respeta los est\u00e1ndares de la Convenci\u00f3n de los Derechos del Ni\u00f1o, con un tratamiento tendiente a la recuperaci\u00f3n de los j\u00f3venes. Un proyecto flexible con m\u00faltiples salidas: principio de oportunidad, mediaci\u00f3n, suspensi\u00f3n de juicio a prueba, acuerdos restaurativos, con un sistema gradual de imposici\u00f3n de sanciones y revisi\u00f3n de la pena cada ocho meses por el juez&#8221;, remarc\u00f3 Gil Lavedra, uno de los autores del anteproyecto.<\/p>\n<p>A su tiempo, el subsecretario de Justicia y Pol\u00edtica Criminal, Juan Jos\u00e9 Benitez, puntualiz\u00f3 que &#8220;cada joven tendr\u00e1 un equipo interdisciplinario de tres profesionales, uno de ellos ser\u00e1 su supervisor, y s\u00f3lo supervisara hasta 24 j\u00f3venes cada profesional. Se har\u00e1 un seguimiento personal de cada joven, y en base a su historia se preparar\u00e1 el plan individual&#8221;.<\/p>\n<p>El proyecto prev\u00e9 un sistema de escalas que establece que se es penalmente responsable desde los 15 a\u00f1os de edad, si se comete un delito cuya pena m\u00e1xima es de 15 a\u00f1os o m\u00e1s de prisi\u00f3n (violaci\u00f3n, secuestro extorsivo, homicidio, lesiones grav\u00edsimas y robo con arma de fuego).<\/p>\n<p>En el caso de los j\u00f3venes de entre 16 y 18 a\u00f1os, ser\u00e1n responsables si cometen un delito cuya pena m\u00e1xima sea de por lo menos dos a\u00f1os. El nuevo sistema proh\u00edbe la privaci\u00f3n de la libertad de cualquier persona menor de 15 a\u00f1os.<\/p>\n","protected":false},"excerpt":{"rendered":"<p>La poderosa ministra de Seguridad lo hizo junto al titular de la cartera de Justicia y DD.HH. De aplicarse la norma, un adolescente podr\u00eda pasar 15, 20 o m\u00e1s a\u00f1os dentro de una c\u00e1rcel &nbsp; &nbsp; Se lo hab\u00eda anotado en la lista de metas para este 2019 y por el momento su deseo marcha sobre ruedas. La ministra de Seguridad, Patricia Bullrich, logr\u00f3 finalmente presentar el anteproyecto de Ley de Responsabilidad Penal Juvenil, eufemismo con el que bautiz\u00f3, junto al titular de Justicia y DD.HH., Germ\u00e1n Garavano, al proyecto&#8230;<\/p>\n","protected":false},"author":3,"featured_media":40788,"comment_status":"closed","ping_status":"closed","sticky":false,"template":"","format":"standard","meta":[],"categories":[18],"tags":[],"_links":{"self":[{"href":"https:\/\/www.actualidadadiario.com\/index.php\/wp-json\/wp\/v2\/posts\/40787"}],"collection":[{"href":"https:\/\/www.actualidadadiario.com\/index.php\/wp-json\/wp\/v2\/posts"}],"about":[{"href":"https:\/\/www.actualidadadiario.com\/index.php\/wp-json\/wp\/v2\/types\/post"}],"author":[{"embeddable":true,"href":"https:\/\/www.actualidadadiario.com\/index.php\/wp-json\/wp\/v2\/users\/3"}],"replies":[{"embeddable":true,"href":"https:\/\/www.actualidadadiario.com\/index.php\/wp-json\/wp\/v2\/comments?post=40787"}],"version-history":[{"count":1,"href":"https:\/\/www.actualidadadiario.com\/index.php\/wp-json\/wp\/v2\/posts\/40787\/revisions"}],"predecessor-version":[{"id":40789,"href":"https:\/\/www.actualidadadiario.com\/index.php\/wp-json\/wp\/v2\/posts\/40787\/revisions\/40789"}],"wp:featuredmedia":[{"embeddable":true,"href":"https:\/\/www.actualidadadiario.com\/index.php\/wp-json\/wp\/v2\/media\/40788"}],"wp:attachment":[{"href":"https:\/\/www.actualidadadiario.com\/index.php\/wp-json\/wp\/v2\/media?parent=40787"}],"wp:term":[{"taxonomy":"category","embeddable":true,"href":"https:\/\/www.actualidadadiario.com\/index.php\/wp-json\/wp\/v2\/categories?post=40787"},{"taxonomy":"post_tag","embeddable":true,"href":"https:\/\/www.actualidadadiario.com\/index.php\/wp-json\/wp\/v2\/tags?post=40787"}],"curies":[{"name":"wp","href":"https:\/\/api.w.org\/{rel}","templated":true}]}}