{"id":40764,"date":"2019-02-20T13:22:20","date_gmt":"2019-02-20T16:22:20","guid":{"rendered":"https:\/\/www.actualidadadiario.com\/?p=40764"},"modified":"2019-05-06T20:56:14","modified_gmt":"2019-05-06T23:56:14","slug":"cayo-93-el-consumo-en-enero-y-el-descenso-libre-acumula-ocho-meses","status":"publish","type":"post","link":"https:\/\/www.actualidadadiario.com\/index.php\/2019\/02\/20\/cayo-93-el-consumo-en-enero-y-el-descenso-libre-acumula-ocho-meses\/","title":{"rendered":"Cay\u00f3 9,3% el consumo en enero y el descenso libre acumula ocho meses"},"content":{"rendered":"<p><em><strong>El consumo alcanz\u00f3 en enero su octavo registro consecutivo en ca\u00edda libre con una contracci\u00f3n del 9,3% anual, seg\u00fan un informe del Instituto de Trabajo y Econom\u00eda Fundaci\u00f3n Germ\u00e1n Abdala (ITFGA). En efecto dicho Indicador Mensual de Consumo (IMC) revel\u00f3 tambi\u00e9n que la serie sin estacionalidad report\u00f3 una merma una de 0,9% mensual, definido por la ca\u00edda de los salarios y las exorbitantes tasas de inter\u00e9s<\/strong><\/em><\/p>\n<p>&nbsp;<\/p>\n<p>&nbsp;<\/p>\n<p>La fotograf\u00eda estad\u00edstica del primer mes de 2019 no s\u00f3lo corrobora el escenario de recesi\u00f3n sino que pone en evidencia que las medidas para contener la inflaci\u00f3n, v\u00eda medicina financiera arrasan con los salarios. Para mensura comparativa respecto al \u00faltimo a\u00f1o electoral, al igual que el corriente, la baja de consumo en 2017 ya hab\u00eda encendido luces rojas para la Casa Rosada con una ca\u00edda del 5,5%, todav\u00eda no se esperaba la sucesi\u00f3n de tormentas en la econom\u00eda que fueron postales del a\u00f1o pasado.<\/p>\n<p>El ITFGA aport\u00f3 algunos elementos que ejemplifican el escenario del consumo arrasado, a saber: la venta de autos nacionales en enero cay\u00f3 a la mitad de los n\u00fameros para el mismo mes del a\u00f1o pasado y alcanz\u00f3 un 54%, mientras que el IVA Neto baj\u00f3 un 8,1% anual.<\/p>\n<p>Apelando a las estad\u00edsticas de peque\u00f1as\/medianas empresas agrupadas en Came concluyeron en que las ventas minoristas se desplomaron 10% y cerca de un 77% de los comercios registraron una baja en sus ventas. Para el circuito financiero, no apto para todo p\u00fablico, el cr\u00e9dito real en pesos cay\u00f3 21,9% anual, con fuertes bajas en Adelantos (-25,2%), Documentos (-42,2%), Tarjetas (-12,7%), Personales (-20,0%) y Prendarios (-26,3%).<\/p>\n<p>&nbsp;<\/p>\n<p><strong>Se ve\u00eda venir<\/strong><\/p>\n<p>Tampoco es novedad que los expertos afines al Gobierno acepten que \u00e9sta es una consecuencia de su estrategia, empero en organizaciones sindicales adosan un dato que agrava todav\u00eda m\u00e1s el escenario: la Remuneraci\u00f3n Imponible Promedio de los Trabajadores Estables (RIPTE) volvi\u00f3 a caer en diciembre y acumula 8 meses ininterrumpidos en rojo, seg\u00fan lo subray\u00f3 desde el Observatorio de Derecho Social de la CTAA, su coordinador Luis Campos. Queda a las claras que es una mensura que explica la merma de adquisici\u00f3n de productos o servicios definida nada m\u00e1s y nada menos que desde salario real.<\/p>\n<p>El diagn\u00f3stico sindical, para dirigentes y asesores econ\u00f3micos, se ve revelado tambi\u00e9n en datos en el \u00faltimo registro del Instituto Estad\u00edstico de los Trabajadores (IET), que conforman organizaciones de la CGT y la CTA, que arroj\u00f3 para enero un 2,7% de inflaci\u00f3n. El propio Indec desminti\u00f3 al propio presidente Mauricio Macri respecto de pausa inflacionaria alguna, y arroj\u00f3 un 2,9%. L\u00e9ase los n\u00fameros oficiales superaron el cuadro de situaci\u00f3n planteado por los gremios. Fuera de discusi\u00f3n est\u00e1 el deterioro del poder adquisitivo. Ese valor es un 11% inferior al de enero de 2018. &#8220;Si bien la tendencia de los \u00faltimos meses encuentre al salario real en un supuesto piso a partir de octubre \u00faltimo pasado, es improbable que este a\u00f1o el salario real retorne a los niveles de 2017&#8221;, sentenci\u00f3 Nicol\u00e1s Trotta, uno de los responsables del IET.<\/p>\n","protected":false},"excerpt":{"rendered":"<p>El consumo alcanz\u00f3 en enero su octavo registro consecutivo en ca\u00edda libre con una contracci\u00f3n del 9,3% anual, seg\u00fan un informe del Instituto de Trabajo y Econom\u00eda Fundaci\u00f3n Germ\u00e1n Abdala (ITFGA). En efecto dicho Indicador Mensual de Consumo (IMC) revel\u00f3 tambi\u00e9n que la serie sin estacionalidad report\u00f3 una merma una de 0,9% mensual, definido por la ca\u00edda de los salarios y las exorbitantes tasas de inter\u00e9s &nbsp; &nbsp; La fotograf\u00eda estad\u00edstica del primer mes de 2019 no s\u00f3lo corrobora el escenario de recesi\u00f3n sino que pone en evidencia que las&#8230;<\/p>\n","protected":false},"author":3,"featured_media":40765,"comment_status":"closed","ping_status":"closed","sticky":false,"template":"","format":"standard","meta":[],"categories":[2],"tags":[],"_links":{"self":[{"href":"https:\/\/www.actualidadadiario.com\/index.php\/wp-json\/wp\/v2\/posts\/40764"}],"collection":[{"href":"https:\/\/www.actualidadadiario.com\/index.php\/wp-json\/wp\/v2\/posts"}],"about":[{"href":"https:\/\/www.actualidadadiario.com\/index.php\/wp-json\/wp\/v2\/types\/post"}],"author":[{"embeddable":true,"href":"https:\/\/www.actualidadadiario.com\/index.php\/wp-json\/wp\/v2\/users\/3"}],"replies":[{"embeddable":true,"href":"https:\/\/www.actualidadadiario.com\/index.php\/wp-json\/wp\/v2\/comments?post=40764"}],"version-history":[{"count":1,"href":"https:\/\/www.actualidadadiario.com\/index.php\/wp-json\/wp\/v2\/posts\/40764\/revisions"}],"predecessor-version":[{"id":40766,"href":"https:\/\/www.actualidadadiario.com\/index.php\/wp-json\/wp\/v2\/posts\/40764\/revisions\/40766"}],"wp:featuredmedia":[{"embeddable":true,"href":"https:\/\/www.actualidadadiario.com\/index.php\/wp-json\/wp\/v2\/media\/40765"}],"wp:attachment":[{"href":"https:\/\/www.actualidadadiario.com\/index.php\/wp-json\/wp\/v2\/media?parent=40764"}],"wp:term":[{"taxonomy":"category","embeddable":true,"href":"https:\/\/www.actualidadadiario.com\/index.php\/wp-json\/wp\/v2\/categories?post=40764"},{"taxonomy":"post_tag","embeddable":true,"href":"https:\/\/www.actualidadadiario.com\/index.php\/wp-json\/wp\/v2\/tags?post=40764"}],"curies":[{"name":"wp","href":"https:\/\/api.w.org\/{rel}","templated":true}]}}