{"id":40761,"date":"2019-02-20T13:21:41","date_gmt":"2019-02-20T16:21:41","guid":{"rendered":"https:\/\/www.actualidadadiario.com\/?p=40761"},"modified":"2019-05-06T20:54:32","modified_gmt":"2019-05-06T23:54:32","slug":"el-salario-minimo-vital-y-movil-cayo-11-el-ultimo-ano-y-esta-en-su-peor-nivel-desde-2004","status":"publish","type":"post","link":"https:\/\/www.actualidadadiario.com\/index.php\/2019\/02\/20\/el-salario-minimo-vital-y-movil-cayo-11-el-ultimo-ano-y-esta-en-su-peor-nivel-desde-2004\/","title":{"rendered":"El Salario M\u00ednimo Vital y M\u00f3vil cay\u00f3 11% el \u00faltimo a\u00f1o y est\u00e1 en su peor nivel desde 2004"},"content":{"rendered":"<p><em><strong>Sin margen de casualidad alguna, as\u00ed como las paritarias 2018 resultaron un placebo ante la inflaci\u00f3n\/recesi\u00f3n tambi\u00e9n el Salario M\u00ednimo Vital y M\u00f3vil (SMVM) ilustra el deterioro de los sueldos con una ca\u00edda del 11% respecto a 2017. Para los t\u00e9rminos reales el registro del ingreso base para cualquier trabajador en blanco lleg\u00f3 a los niveles m\u00e1s bajos desde el a\u00f1o 2004<\/strong><\/em><\/p>\n<p>&nbsp;<\/p>\n<p>&nbsp;<\/p>\n<p>&nbsp;<\/p>\n<p>En centrales obreras se considera con mayor o menor discreci\u00f3n que la convocatoria urgente al Consejo Salarial es inevitable, si es que la Casa Rosada mensura su desaf\u00edo electoral pero sobre todo mucho m\u00e1s por la grave coyuntura. El valor del ingreso m\u00ednimo se fij\u00f3 en los dos \u00faltimos a\u00f1os por &#8220;laudo&#8221;, l\u00e9ase decisi\u00f3n directa del Gobierno Nacional prescindiendo de organizaciones sindicales y empresarios, lo cual ofrece un perfil ilustrativo de la crisis. Sobre todo para considerar que el SMVM marca mucho m\u00e1s que tendencias salariales sino que ilustra sobre el escenario laboral de registrados y a\u00fan empleados en negro como variable de referencia. As\u00ed es que en el an\u00e1lisis de estamentos representativos de trabajadores, que monitorean la econom\u00eda u otras variables laborales, esta ca\u00edda profundiz\u00f3 un deterioro iniciado en el a\u00f1o 2012.<\/p>\n<p>&#8220;Desde entonces el SMVM retrocedi\u00f3 en t\u00e9rminos reales todos los a\u00f1os, con la \u00fanica excepci\u00f3n de 2015&#8221;, destac\u00f3 Luis Campos, coordinador del Observatorio de Derecho Social de la CTAA. En efecto, dentro de los foros de an\u00e1lisis econ\u00f3mico sindical se subray\u00f3 que a consecuencia de este proceso, en 2018 el SMVM se encontraba un 24% por debajo del m\u00e1ximo registrado en 2011. Las perspectivas para el 2019 son a\u00fan peores. En enero de este a\u00f1o la ca\u00edda interanual fue superior al 20% y de no mediar modificaciones sustanciales a lo largo del primer semestre se registrar\u00e1n retrocesos de entre el 15% y el 20%.<\/p>\n<p>En t\u00e9rminos absolutos, el valor actual del SMVM es de$ 11.300 y representa menos de la mitad de la Canasta B\u00e1sica Total que el Indec utiliza para determinar la l\u00ednea de la pobreza de un hogar de cuatro integrantes, y menos del 30% del costo de la Canasta de Consumos M\u00ednimos elaborada por la Junta Interna de ATE-Indec.<\/p>\n<p>Su deterioro tiene impactos indirectos sobre el conjunto de los trabajadores ya que establece un piso muy bajo en materia de ingresos, y directo sobre los trabajadores y trabajadoras de la educaci\u00f3n y de la econom\u00eda popular. En el primer caso, debido a que el Salario M\u00ednimo Docente est\u00e1 atado al SMVM al cual debe superar en un 20%; en el segundo, en funci\u00f3n de que el Salario Social Complementario equivale al 50% del salario m\u00ednimo.<\/p>\n<p>La conclusi\u00f3n de t\u00e9cnicos, asesores y dirigentes sindicales es que a\u00fan a comienzos del corriente a\u00f1o resulta imperiosa la convocatoria urgente al Consejo Nacional del Empleo, la Productividad y el Salario M\u00ednimo, Vital y M\u00f3vil &#8220;a fin de incrementar el monto del SMVM, y calcular la canasta b\u00e1sica de referencia &#8220;que deber\u00eda ser tenida en cuenta a los fines de la determinaci\u00f3n de su nivel, dando as\u00ed cumplimiento al art\u00edculo 14 bis de la Constituci\u00f3n Nacional y en el art\u00edculo 135 de la ley 24.013&#8221;, subrayaron desde base legal en la CTAA.<\/p>\n","protected":false},"excerpt":{"rendered":"<p>Sin margen de casualidad alguna, as\u00ed como las paritarias 2018 resultaron un placebo ante la inflaci\u00f3n\/recesi\u00f3n tambi\u00e9n el Salario M\u00ednimo Vital y M\u00f3vil (SMVM) ilustra el deterioro de los sueldos con una ca\u00edda del 11% respecto a 2017. Para los t\u00e9rminos reales el registro del ingreso base para cualquier trabajador en blanco lleg\u00f3 a los niveles m\u00e1s bajos desde el a\u00f1o 2004 &nbsp; &nbsp; &nbsp; En centrales obreras se considera con mayor o menor discreci\u00f3n que la convocatoria urgente al Consejo Salarial es inevitable, si es que la Casa Rosada&#8230;<\/p>\n","protected":false},"author":3,"featured_media":40762,"comment_status":"closed","ping_status":"closed","sticky":false,"template":"","format":"standard","meta":[],"categories":[2],"tags":[],"_links":{"self":[{"href":"https:\/\/www.actualidadadiario.com\/index.php\/wp-json\/wp\/v2\/posts\/40761"}],"collection":[{"href":"https:\/\/www.actualidadadiario.com\/index.php\/wp-json\/wp\/v2\/posts"}],"about":[{"href":"https:\/\/www.actualidadadiario.com\/index.php\/wp-json\/wp\/v2\/types\/post"}],"author":[{"embeddable":true,"href":"https:\/\/www.actualidadadiario.com\/index.php\/wp-json\/wp\/v2\/users\/3"}],"replies":[{"embeddable":true,"href":"https:\/\/www.actualidadadiario.com\/index.php\/wp-json\/wp\/v2\/comments?post=40761"}],"version-history":[{"count":1,"href":"https:\/\/www.actualidadadiario.com\/index.php\/wp-json\/wp\/v2\/posts\/40761\/revisions"}],"predecessor-version":[{"id":40763,"href":"https:\/\/www.actualidadadiario.com\/index.php\/wp-json\/wp\/v2\/posts\/40761\/revisions\/40763"}],"wp:featuredmedia":[{"embeddable":true,"href":"https:\/\/www.actualidadadiario.com\/index.php\/wp-json\/wp\/v2\/media\/40762"}],"wp:attachment":[{"href":"https:\/\/www.actualidadadiario.com\/index.php\/wp-json\/wp\/v2\/media?parent=40761"}],"wp:term":[{"taxonomy":"category","embeddable":true,"href":"https:\/\/www.actualidadadiario.com\/index.php\/wp-json\/wp\/v2\/categories?post=40761"},{"taxonomy":"post_tag","embeddable":true,"href":"https:\/\/www.actualidadadiario.com\/index.php\/wp-json\/wp\/v2\/tags?post=40761"}],"curies":[{"name":"wp","href":"https:\/\/api.w.org\/{rel}","templated":true}]}}