{"id":40758,"date":"2019-02-20T13:20:48","date_gmt":"2019-02-20T16:20:48","guid":{"rendered":"https:\/\/www.actualidadadiario.com\/?p=40758"},"modified":"2019-05-06T20:53:45","modified_gmt":"2019-05-06T23:53:45","slug":"giano-competira-con-cresto-por-la-intendencia-de-concordia","status":"publish","type":"post","link":"https:\/\/www.actualidadadiario.com\/index.php\/2019\/02\/20\/giano-competira-con-cresto-por-la-intendencia-de-concordia\/","title":{"rendered":"Giano competir\u00e1 con Cresto por la intendencia de Concordia"},"content":{"rendered":"<p><em><strong>El actual presidente de la bancada de Senadores provinciales del justicialismo, \u00c1ngel Giano, competir\u00e1 por la intendencia de Concordia con el actual mandatario local, Enrique Cresto, seg\u00fan confirmaron fuentes cercanas al legislador provincial. De esta manera, el peronismo concordiense deber\u00e1 definir en las PASO qui\u00e9n ser\u00e1 el candidato oficial en las generales de junio<\/strong><\/em><\/p>\n<p>&nbsp;<\/p>\n<p>&nbsp;<\/p>\n<p>Giano hizo la reserva de la lista con la que competir\u00e1 en las primarias abiertas, simult\u00e1neas y obligatorias (PASO) de abril en el marco del Frente Justicialista Creer Entre R\u00edos contra el actual intendente Enrique Cresto, quien tambi\u00e9n anticip\u00f3 hoy que buscar\u00e1 su reelecci\u00f3n.<\/p>\n<p>Las intenciones de Giano por alcanzar el sill\u00f3n de Zorraqu\u00edn se vienen difiriendo por razones t\u00e1cticas del armado del peronismo desde el 2011.<\/p>\n<p>Ese a\u00f1o, luego de una gesti\u00f3n destacada en el Ministerio de Salud, pretendi\u00f3 dar la interna al actual gobernador Gustavo Bordet, quien iba por entonces a buscar su segundo mandato al frente del Municipio concordiense. Pero el riesgo de disputar la interna y fragmentar ante el armado que Jorge Busti hab\u00eda hecho con el Frente Entrerriano Federal, diluy\u00f3 esa intenci\u00f3n.<\/p>\n<p>Cuatro a\u00f1os m\u00e1s tarde, Giano pretendi\u00f3 nuevamente ir por la Intendencia. Pero nuevamente el complejo ajedrez de la interna peronista lo corri\u00f3 de su objetivo. En aquel entonces, Enrique Cresto fue la opci\u00f3n que mejor cuadr\u00f3 con el armado del justicialismo que dirig\u00eda Urribarri.<\/p>\n<p>Ahora, con otras reglas de juego, la decisi\u00f3n de competir en la interna est\u00e1 tomada y en los pr\u00f3ximos d\u00edas har\u00e1 formal el lanzamiento de su lista.<\/p>\n","protected":false},"excerpt":{"rendered":"<p>El actual presidente de la bancada de Senadores provinciales del justicialismo, \u00c1ngel Giano, competir\u00e1 por la intendencia de Concordia con el actual mandatario local, Enrique Cresto, seg\u00fan confirmaron fuentes cercanas al legislador provincial. De esta manera, el peronismo concordiense deber\u00e1 definir en las PASO qui\u00e9n ser\u00e1 el candidato oficial en las generales de junio &nbsp; &nbsp; Giano hizo la reserva de la lista con la que competir\u00e1 en las primarias abiertas, simult\u00e1neas y obligatorias (PASO) de abril en el marco del Frente Justicialista Creer Entre R\u00edos contra el actual intendente&#8230;<\/p>\n","protected":false},"author":3,"featured_media":40759,"comment_status":"closed","ping_status":"closed","sticky":false,"template":"","format":"standard","meta":[],"categories":[15],"tags":[],"_links":{"self":[{"href":"https:\/\/www.actualidadadiario.com\/index.php\/wp-json\/wp\/v2\/posts\/40758"}],"collection":[{"href":"https:\/\/www.actualidadadiario.com\/index.php\/wp-json\/wp\/v2\/posts"}],"about":[{"href":"https:\/\/www.actualidadadiario.com\/index.php\/wp-json\/wp\/v2\/types\/post"}],"author":[{"embeddable":true,"href":"https:\/\/www.actualidadadiario.com\/index.php\/wp-json\/wp\/v2\/users\/3"}],"replies":[{"embeddable":true,"href":"https:\/\/www.actualidadadiario.com\/index.php\/wp-json\/wp\/v2\/comments?post=40758"}],"version-history":[{"count":1,"href":"https:\/\/www.actualidadadiario.com\/index.php\/wp-json\/wp\/v2\/posts\/40758\/revisions"}],"predecessor-version":[{"id":40760,"href":"https:\/\/www.actualidadadiario.com\/index.php\/wp-json\/wp\/v2\/posts\/40758\/revisions\/40760"}],"wp:featuredmedia":[{"embeddable":true,"href":"https:\/\/www.actualidadadiario.com\/index.php\/wp-json\/wp\/v2\/media\/40759"}],"wp:attachment":[{"href":"https:\/\/www.actualidadadiario.com\/index.php\/wp-json\/wp\/v2\/media?parent=40758"}],"wp:term":[{"taxonomy":"category","embeddable":true,"href":"https:\/\/www.actualidadadiario.com\/index.php\/wp-json\/wp\/v2\/categories?post=40758"},{"taxonomy":"post_tag","embeddable":true,"href":"https:\/\/www.actualidadadiario.com\/index.php\/wp-json\/wp\/v2\/tags?post=40758"}],"curies":[{"name":"wp","href":"https:\/\/api.w.org\/{rel}","templated":true}]}}