{"id":40750,"date":"2019-02-20T13:18:40","date_gmt":"2019-02-20T16:18:40","guid":{"rendered":"https:\/\/www.actualidadadiario.com\/?p=40750"},"modified":"2019-05-06T20:57:24","modified_gmt":"2019-05-06T23:57:24","slug":"tenemos-que-priorizar-criterios-de-unidad-afirmo-bordet","status":"publish","type":"post","link":"https:\/\/www.actualidadadiario.com\/index.php\/2019\/02\/20\/tenemos-que-priorizar-criterios-de-unidad-afirmo-bordet\/","title":{"rendered":"&#8220;Tenemos que priorizar criterios de unidad&#8221;, afirm\u00f3 Bordet"},"content":{"rendered":"<p><em><strong>Dijo que busca &#8220;evitar que se practiquen en Entre R\u00edos, modelos de ajuste como el nacional&#8221;. El Gobernador confirm\u00f3 que se reuni\u00f3 con la expresidenta. Confirm\u00f3 que ya eligi\u00f3 a su compa\u00f1ero de f\u00f3rmula, pero no dijo si es hombre o mujer<\/strong><\/em><\/p>\n<p>&nbsp;<\/p>\n<p>&nbsp;<\/p>\n<p>El gobernador Gustavo Bordet dio una entrevista a d\u00edas de haber inscripto en el Tribunal Electoral el frente &#8220;Creer Entre R\u00edos&#8221; que oficializ\u00f3 su acuerdo con el kirchnerismo. Al respecto, confirm\u00f3 que se reuni\u00f3 con la ex presidente y actual senadora nacional Cristina Fern\u00e1ndez de Kirchner para sellarlo. Tambi\u00e9n habl\u00f3 de conformaci\u00f3n e integraci\u00f3n de listas para la interna del PJ y cruz\u00f3 a Cambiemos al adjudicarle una &#8220;campa\u00f1a sucia&#8221; a los dirigentes de la oposici\u00f3n.<\/p>\n<p>Explic\u00f3, sobre su alianza con el kirchnerismo, que &#8220;hicimos todos los esfuerzos para que al gobierno le vaya bien. Ahora, si le va mal y desarrolla un programa econ\u00f3mico totalmente contrario a lo que nosotros queremos representar, l\u00f3gicamente tenemos que priorizar criterios de unidad para poder darle continuidad a un desarrollo que hemos hecho en cuatro a\u00f1os y evitar que se practiquen en Entre R\u00edos modelos de ajuste como el nacional&#8221;.<\/p>\n<p>&nbsp;<\/p>\n<p><strong>Reuni\u00f3n con Cristina<\/strong><\/p>\n<p>Ante la consulta sobre el rol de Cristina Kirchner en el acuerdo entrerriano, lo ratific\u00f3: &#8220;Tuvo el mismo rol que jugaron dirigentes del peronismo alternativo, con quienes me he reunido, como Sergio Massa. Tambi\u00e9n me reun\u00ed con Cristina Kirchner, con un criterio de unir fuerzas para llevar adelante una propuesta electoral que no se agota solamente en elecciones, sino que sostiene un rumbo y un camino&#8221;, dijo aunque no se mostr\u00f3 en fotos como s\u00ed lo hab\u00eda hecho con el trigrense.<\/p>\n<p>&#8220;Estamos priorizando acuerdos que no se vayan solamente en candidaturas ni en nombres propios, sino en poder desarrollar en nuestras provincias, y por qu\u00e9 no a nivel nacional, un modelo que nos saque de este estancamiento y resignaci\u00f3n&#8221;, ahond\u00f3 el mandatario provincial y presidente del PJ entrerriano.<\/p>\n<p>&#8220;Creemos que hay un camino diferente que se puede emprender y que hay expectativa para la Argentina&#8221;, augur\u00f3.<\/p>\n<p>&nbsp;<\/p>\n<p><strong>Gobernabilidad<\/strong><\/p>\n<p>Al contestar sobre las cr\u00edticas internas que recibe de sectores del peronismo kirchnerista por su relaci\u00f3n con el gobierno nacional, Bordet utiliz\u00f3 una comparaci\u00f3n con los legisladores provinciales de Cambiemos.<\/p>\n<p>&#8220;Yo al presidente lo respeto. No me gustan las medidas que toma, no estoy para nada de acuerdo. Pero cuando convoca a los gobernadores tenemos que estar. Si no, estar\u00edamos haciendo lo que hicieron los diputados de Cambiemos en la Asamblea Legislativa: se enojan y no van. Eso no es la democracia&#8221;, se\u00f1al\u00f3.<\/p>\n<p>&nbsp;<\/p>\n<p><strong>F\u00f3rmula en mente<\/strong><\/p>\n<p>El gobernador fue consultado si ya tiene en mente qui\u00e9n ser\u00e1 su compa\u00f1era o compa\u00f1ero de f\u00f3rmula. Asegur\u00f3 que &#8220;s\u00ed, por supuesto&#8221; pero antepuso los plazos electorales: &#8220;Lo iremos a confirmar cuando haya cierre de listas&#8221;. Dej\u00f3 abierta la posibilidad de que puede ser tanto una mujer como un var\u00f3n.<\/p>\n","protected":false},"excerpt":{"rendered":"<p>Dijo que busca &#8220;evitar que se practiquen en Entre R\u00edos, modelos de ajuste como el nacional&#8221;. El Gobernador confirm\u00f3 que se reuni\u00f3 con la expresidenta. Confirm\u00f3 que ya eligi\u00f3 a su compa\u00f1ero de f\u00f3rmula, pero no dijo si es hombre o mujer &nbsp; &nbsp; El gobernador Gustavo Bordet dio una entrevista a d\u00edas de haber inscripto en el Tribunal Electoral el frente &#8220;Creer Entre R\u00edos&#8221; que oficializ\u00f3 su acuerdo con el kirchnerismo. Al respecto, confirm\u00f3 que se reuni\u00f3 con la ex presidente y actual senadora nacional Cristina Fern\u00e1ndez de Kirchner&#8230;<\/p>\n","protected":false},"author":3,"featured_media":40203,"comment_status":"closed","ping_status":"closed","sticky":false,"template":"","format":"standard","meta":[],"categories":[9],"tags":[],"_links":{"self":[{"href":"https:\/\/www.actualidadadiario.com\/index.php\/wp-json\/wp\/v2\/posts\/40750"}],"collection":[{"href":"https:\/\/www.actualidadadiario.com\/index.php\/wp-json\/wp\/v2\/posts"}],"about":[{"href":"https:\/\/www.actualidadadiario.com\/index.php\/wp-json\/wp\/v2\/types\/post"}],"author":[{"embeddable":true,"href":"https:\/\/www.actualidadadiario.com\/index.php\/wp-json\/wp\/v2\/users\/3"}],"replies":[{"embeddable":true,"href":"https:\/\/www.actualidadadiario.com\/index.php\/wp-json\/wp\/v2\/comments?post=40750"}],"version-history":[{"count":1,"href":"https:\/\/www.actualidadadiario.com\/index.php\/wp-json\/wp\/v2\/posts\/40750\/revisions"}],"predecessor-version":[{"id":40751,"href":"https:\/\/www.actualidadadiario.com\/index.php\/wp-json\/wp\/v2\/posts\/40750\/revisions\/40751"}],"wp:featuredmedia":[{"embeddable":true,"href":"https:\/\/www.actualidadadiario.com\/index.php\/wp-json\/wp\/v2\/media\/40203"}],"wp:attachment":[{"href":"https:\/\/www.actualidadadiario.com\/index.php\/wp-json\/wp\/v2\/media?parent=40750"}],"wp:term":[{"taxonomy":"category","embeddable":true,"href":"https:\/\/www.actualidadadiario.com\/index.php\/wp-json\/wp\/v2\/categories?post=40750"},{"taxonomy":"post_tag","embeddable":true,"href":"https:\/\/www.actualidadadiario.com\/index.php\/wp-json\/wp\/v2\/tags?post=40750"}],"curies":[{"name":"wp","href":"https:\/\/api.w.org\/{rel}","templated":true}]}}