{"id":40747,"date":"2019-02-20T13:18:02","date_gmt":"2019-02-20T16:18:02","guid":{"rendered":"https:\/\/www.actualidadadiario.com\/?p=40747"},"modified":"2019-05-06T20:55:01","modified_gmt":"2019-05-06T23:55:01","slug":"el-gobierno-provincial-refuerza-el-dialogo-con-entidades-rurales","status":"publish","type":"post","link":"https:\/\/www.actualidadadiario.com\/index.php\/2019\/02\/20\/el-gobierno-provincial-refuerza-el-dialogo-con-entidades-rurales\/","title":{"rendered":"El gobierno provincial refuerza el di\u00e1logo con entidades rurales"},"content":{"rendered":"<p><em><strong>El ministro de Econom\u00eda, Hugo Ballay, junto al secretario de Producci\u00f3n, \u00c1lvaro Gab\u00e1s, retom\u00f3 las reuniones con representantes de las entidades rurales nucleadas en la mesa de enlace entrerriana, a quienes les present\u00f3 la propuesta de incremento en el Impuesto Inmobiliario Rural<\/strong><\/em><\/p>\n<p>&nbsp;<\/p>\n<p>&nbsp;<\/p>\n<p>\u201cEl di\u00e1logo sigue abierto, y seguiremos en ese sentido buscando consensos con \u00e9ste y todos los sectores\u201d, afirm\u00f3 el ministro.<\/p>\n<p>El ministro dijo que \u201cel gobernador Bordet ha sido muy claro y lo lleva en todos los sentidos y con todos los sectores. Para nada se cierra el di\u00e1logo pero s\u00ed entendemos que la conclusi\u00f3n final de la reuni\u00f3n de hoy no era la que esper\u00e1bamos nosotros ni los integrantes de la mesa, pero no vimos elasticidad en cuanto a sobrepasar eso, que seg\u00fan dijeron era el mandato de sus afiliados\u201d.<\/p>\n<p>Agreg\u00f3, que \u201cel di\u00e1logo sigue abierto y de hecho se va a continuar con la emergencia, hay prevista una reuni\u00f3n para el jueves con el sector arrocero y el secretario de Producci\u00f3n\u201d.<\/p>\n<p>&nbsp;<\/p>\n<p>\u201cEn el encuentro expusimos la propuesta de un incremento promedio en el Impuesto Inmobiliario Rural del 36 por ciento. El 82 por ciento de las partidas no superan el incremento del 40 y muchas van a estar por debajo del 36\u201d, inform\u00f3 el ministro de Econom\u00eda.<\/p>\n<p>Asimismo, el ministro remarc\u00f3: \u201cSostenemos los mismos criterios de evaluaci\u00f3n, porque esto no es una cuesti\u00f3n subjetiva del gobierno, sino que est\u00e1 fundamentado en f\u00f3rmulas de c\u00e1lculo donde los sectores de la mesa de enlace tambi\u00e9n participan y esta fue la conclusi\u00f3n de la reuni\u00f3n\u201d.<\/p>\n<p>\u201cEn a\u00f1os anteriores se hab\u00eda llegado a un acuerdo que este a\u00f1o no se logr\u00f3, al menos en esta reuni\u00f3n pero el di\u00e1logo va a continuar\u201d, se\u00f1al\u00f3.<\/p>\n<p>&nbsp;<\/p>\n<p><strong>Detalles del encuentro <\/strong><\/p>\n<p>\u201cHab\u00eda dos temas fundamentales para la reuni\u00f3n. Primero, un pedido de emergencia para determinados sectores o distritos de la provincia y se consensu\u00f3 con la mesa de enlace futuras reuniones de trabajo con el secretario de Producci\u00f3n para determinar bien las zonas y quienes son los productores que alcanzar\u00edan el promedio de da\u00f1o que se establece para determinar una emergencia\u201d, puntualiz\u00f3 Ballay.<\/p>\n<p>\u201cY segundo, el tema principal, era darle continuidad a la determinaci\u00f3n del Impuesto Inmobiliario Rural donde -a partir de una primera reuni\u00f3n que hab\u00edamos tenido, despu\u00e9s se hizo una reuni\u00f3n t\u00e9cnica, y esta tercera reuni\u00f3n- acercamos la propuesta del gobierno provincial de incremento y recibimos de la mesa de enlace una posici\u00f3n bastante extrema con un porcentaje tope del 30 por ciento\u201d.<\/p>\n<p>&nbsp;<\/p>\n<p><strong>Presencias <\/strong><\/p>\n<p>El presidente de la Federaci\u00f3n Entrerriana de Cooperativas (Fedeco), Daniel Kindevaluc, y el vocal de la entidad, Gonzalo \u00c1lvarez Maldonado; el presidente de la Sociedad Rural, Juan Diego Etchevehere, junto a Gast\u00f3n Leinof; el vicepresidente 1\u00b0 de la Federaci\u00f3n de Asociaciones Rurales de Entre R\u00edos (Farer), Claudio \u00c1lvarez Daneri, y el vicepresidente 2\u00ba, Jos\u00e9 Carlos Basald\u00faa; y el director de Federaci\u00f3n Agraria Entre R\u00edos, Elvio Gu\u00eda, participaron en el encuentro desarrollado este martes en el Ministerio de Econom\u00eda.<\/p>\n","protected":false},"excerpt":{"rendered":"<p>El ministro de Econom\u00eda, Hugo Ballay, junto al secretario de Producci\u00f3n, \u00c1lvaro Gab\u00e1s, retom\u00f3 las reuniones con representantes de las entidades rurales nucleadas en la mesa de enlace entrerriana, a quienes les present\u00f3 la propuesta de incremento en el Impuesto Inmobiliario Rural &nbsp; &nbsp; \u201cEl di\u00e1logo sigue abierto, y seguiremos en ese sentido buscando consensos con \u00e9ste y todos los sectores\u201d, afirm\u00f3 el ministro. El ministro dijo que \u201cel gobernador Bordet ha sido muy claro y lo lleva en todos los sentidos y con todos los sectores. Para nada se&#8230;<\/p>\n","protected":false},"author":3,"featured_media":40748,"comment_status":"closed","ping_status":"closed","sticky":false,"template":"","format":"standard","meta":[],"categories":[15],"tags":[],"_links":{"self":[{"href":"https:\/\/www.actualidadadiario.com\/index.php\/wp-json\/wp\/v2\/posts\/40747"}],"collection":[{"href":"https:\/\/www.actualidadadiario.com\/index.php\/wp-json\/wp\/v2\/posts"}],"about":[{"href":"https:\/\/www.actualidadadiario.com\/index.php\/wp-json\/wp\/v2\/types\/post"}],"author":[{"embeddable":true,"href":"https:\/\/www.actualidadadiario.com\/index.php\/wp-json\/wp\/v2\/users\/3"}],"replies":[{"embeddable":true,"href":"https:\/\/www.actualidadadiario.com\/index.php\/wp-json\/wp\/v2\/comments?post=40747"}],"version-history":[{"count":1,"href":"https:\/\/www.actualidadadiario.com\/index.php\/wp-json\/wp\/v2\/posts\/40747\/revisions"}],"predecessor-version":[{"id":40749,"href":"https:\/\/www.actualidadadiario.com\/index.php\/wp-json\/wp\/v2\/posts\/40747\/revisions\/40749"}],"wp:featuredmedia":[{"embeddable":true,"href":"https:\/\/www.actualidadadiario.com\/index.php\/wp-json\/wp\/v2\/media\/40748"}],"wp:attachment":[{"href":"https:\/\/www.actualidadadiario.com\/index.php\/wp-json\/wp\/v2\/media?parent=40747"}],"wp:term":[{"taxonomy":"category","embeddable":true,"href":"https:\/\/www.actualidadadiario.com\/index.php\/wp-json\/wp\/v2\/categories?post=40747"},{"taxonomy":"post_tag","embeddable":true,"href":"https:\/\/www.actualidadadiario.com\/index.php\/wp-json\/wp\/v2\/tags?post=40747"}],"curies":[{"name":"wp","href":"https:\/\/api.w.org\/{rel}","templated":true}]}}