{"id":40738,"date":"2019-02-20T13:14:48","date_gmt":"2019-02-20T16:14:48","guid":{"rendered":"https:\/\/www.actualidadadiario.com\/?p=40738"},"modified":"2019-05-06T20:52:46","modified_gmt":"2019-05-06T23:52:46","slug":"la-primera-oferta-salarial-de-2019-es-del-15-por-ciento-para-los-docentes","status":"publish","type":"post","link":"https:\/\/www.actualidadadiario.com\/index.php\/2019\/02\/20\/la-primera-oferta-salarial-de-2019-es-del-15-por-ciento-para-los-docentes\/","title":{"rendered":"La primera oferta salarial de 2019 es del 15 por ciento para los docentes"},"content":{"rendered":"<p><em><strong>El gobierno de Entre R\u00edos ofreci\u00f3 esta ma\u00f1ana a los gremios docentes un aumento escalonado del 15 por ciento para el primer cuatrimestre del a\u00f1o y el compromiso de volver a negociar una vez conocida la inflaci\u00f3n de mayo. \u201cQueremos dar el mejor aumento posible a nuestros educadores\u201d, sostuvo Ballay<\/strong><\/em><\/p>\n<p>&nbsp;<\/p>\n<p>&nbsp;<\/p>\n<p>&nbsp;<\/p>\n<p>El ministro de Econom\u00eda, Hugo Ballay y la presidenta del Consejo General de Educaci\u00f3n, Marta Land\u00f3, recibieron nuevamente este martes a los representantes de los gremios docentes de la provincia. Repasaron los avances en infraestructura y titularizaci\u00f3n y formaci\u00f3n docente, entre otras comisiones de la paritaria del a\u00f1o pasado, y avanzaron en el di\u00e1logo por el aumento salarial.<\/p>\n<p>\u201cQueremos dar el mejor aumento posible a nuestros educadores. Ese es el objetivo que se plante\u00f3 el gobernador Gustavo Bordet y en el cual estamos trabajando\u201d, revel\u00f3 Ballay. El aumento propuesto por la provincia es de un cinco por ciento en marzo, cinco en abril y cinco en mayo, m\u00e1s el compromiso de volver a negociar cuando se conozca la inflaci\u00f3n de mayo.<\/p>\n<p>El ministro lament\u00f3 \u201cel fuerte condicionamiento que establece un contexto nacional recesivo, y con una volatilidad tan alta\u201d.<\/p>\n<p>\u201cEs muy dif\u00edcil para la provincia, con las limitaciones que tiene una administraci\u00f3n subnacional, acompa\u00f1ar el acelerado ritmo inflacionario que vivimos los argentinos los \u00faltimos a\u00f1os. Sin embargo el gobernador Gustavo Bordet est\u00e1 haciendo todos los esfuerzos para defender el salario de los trabajadores de la administraci\u00f3n p\u00fablica entrerriana\u201d, afirm\u00f3 Ballay.<\/p>\n<p>En ese marco, el titular de Econom\u00eda sostuvo que \u201ces importante que el aumento que logremos consensuar en esta primera etapa del a\u00f1o guarde correspondencia con los recursos y la capacidad de la provincia. Tenemos que ser responsables para llegar a un equilibrio que nos permita seguir pagando los sueldos con seguridad y previsibilidad, en los primeros d\u00edas del mes. De lo contrario podemos caer en una situaci\u00f3n de inconsistencia que llevar\u00eda mucha inestabilidad a la gente\u201d.<\/p>\n<p>Por su parte, la titular del CGE, Marta Land\u00f3, celebr\u00f3 el segundo encuentro con las organizaciones gremiales: \u201cEstamos muy contentos porque es un \u00e1mbito de trabajo continuado que tiene que ver con todo lo que logramos avanzar el a\u00f1o pasado en materia laboral para los docentes\u201d.<\/p>\n<p>\u201cHemos mejorado notablemente varios aspectos del trabajo en las aulas llevando seguridad a los compa\u00f1eros docentes, as\u00ed como tambi\u00e9n hemos fortalecido l\u00edneas de acci\u00f3n en materia de formaci\u00f3n docente, titularizaci\u00f3n de cargos y estabilidad laboral\u201d, remarc\u00f3.<\/p>\n<p>Respecto de la cuesti\u00f3n salarial, Land\u00f3 comparti\u00f3 lo dicho por Ballay: \u201cSi bien los recursos para hacer frente a la inflaci\u00f3n son muy limitados, los gremios docentes saben que desde la provincia estamos abiertos siempre al di\u00e1logo y con el objetivo firme de llegar a los mejores acuerdos posibles\u201d.<\/p>\n<p>\u201cEl salario de los trabajadores es fundamental. Quienes tenemos una mirada social de la provincia y del pa\u00eds creemos necesario fortalecer las condiciones laborales de los trabajadores y entre ellas el salario. En eso estamos trabajando a pedido del gobernador Gustavo Bordet y la propuesta de hoy lo expresa claramente. As\u00ed como tambi\u00e9n el compromiso para volver a reunirnos cuando se conozca la inflaci\u00f3n de mayo\u201d, concluy\u00f3.<\/p>\n","protected":false},"excerpt":{"rendered":"<p>El gobierno de Entre R\u00edos ofreci\u00f3 esta ma\u00f1ana a los gremios docentes un aumento escalonado del 15 por ciento para el primer cuatrimestre del a\u00f1o y el compromiso de volver a negociar una vez conocida la inflaci\u00f3n de mayo. \u201cQueremos dar el mejor aumento posible a nuestros educadores\u201d, sostuvo Ballay &nbsp; &nbsp; &nbsp; El ministro de Econom\u00eda, Hugo Ballay y la presidenta del Consejo General de Educaci\u00f3n, Marta Land\u00f3, recibieron nuevamente este martes a los representantes de los gremios docentes de la provincia. Repasaron los avances en infraestructura y titularizaci\u00f3n&#8230;<\/p>\n","protected":false},"author":3,"featured_media":40739,"comment_status":"closed","ping_status":"closed","sticky":false,"template":"","format":"standard","meta":[],"categories":[15],"tags":[],"_links":{"self":[{"href":"https:\/\/www.actualidadadiario.com\/index.php\/wp-json\/wp\/v2\/posts\/40738"}],"collection":[{"href":"https:\/\/www.actualidadadiario.com\/index.php\/wp-json\/wp\/v2\/posts"}],"about":[{"href":"https:\/\/www.actualidadadiario.com\/index.php\/wp-json\/wp\/v2\/types\/post"}],"author":[{"embeddable":true,"href":"https:\/\/www.actualidadadiario.com\/index.php\/wp-json\/wp\/v2\/users\/3"}],"replies":[{"embeddable":true,"href":"https:\/\/www.actualidadadiario.com\/index.php\/wp-json\/wp\/v2\/comments?post=40738"}],"version-history":[{"count":1,"href":"https:\/\/www.actualidadadiario.com\/index.php\/wp-json\/wp\/v2\/posts\/40738\/revisions"}],"predecessor-version":[{"id":40740,"href":"https:\/\/www.actualidadadiario.com\/index.php\/wp-json\/wp\/v2\/posts\/40738\/revisions\/40740"}],"wp:featuredmedia":[{"embeddable":true,"href":"https:\/\/www.actualidadadiario.com\/index.php\/wp-json\/wp\/v2\/media\/40739"}],"wp:attachment":[{"href":"https:\/\/www.actualidadadiario.com\/index.php\/wp-json\/wp\/v2\/media?parent=40738"}],"wp:term":[{"taxonomy":"category","embeddable":true,"href":"https:\/\/www.actualidadadiario.com\/index.php\/wp-json\/wp\/v2\/categories?post=40738"},{"taxonomy":"post_tag","embeddable":true,"href":"https:\/\/www.actualidadadiario.com\/index.php\/wp-json\/wp\/v2\/tags?post=40738"}],"curies":[{"name":"wp","href":"https:\/\/api.w.org\/{rel}","templated":true}]}}