{"id":40726,"date":"2019-02-19T12:11:56","date_gmt":"2019-02-19T15:11:56","guid":{"rendered":"https:\/\/www.actualidadadiario.com\/?p=40726"},"modified":"2019-05-06T20:57:17","modified_gmt":"2019-05-06T23:57:17","slug":"cristinacumple-el-hashtag-con-el-que-los-militantes-saludaron-a-cristina-kirchner-por-su-cumpleanos","status":"publish","type":"post","link":"https:\/\/www.actualidadadiario.com\/index.php\/2019\/02\/19\/cristinacumple-el-hashtag-con-el-que-los-militantes-saludaron-a-cristina-kirchner-por-su-cumpleanos\/","title":{"rendered":"#CristinaCumple: el hashtag con el que los militantes saludaron a Cristina Kirchner por su cumplea\u00f1os"},"content":{"rendered":"<p><em><strong>La senadora nacional cumpli\u00f3 66 a\u00f1os y dirigentes y seguidores la convirtieron en tendencia en redes sociales<\/strong><\/em><\/p>\n<p>&nbsp;<\/p>\n<p>&nbsp;<\/p>\n<p>&nbsp;<\/p>\n<p>La ex presidenta Cristina Kirchner cumple 66 a\u00f1os este martes y, apenas arranc\u00f3 el d\u00eda, sus seguidores coparon las redes sociales bajo el hashtag #CristinaCumple para saludarla.<\/p>\n<p>Entre los apoyos y las muestras de afecto a la ex mandataria, se destacaron las frases m\u00e1s resonantes de su mandato como &#8220;no fue magia&#8221; y &#8220;la patria es el otro&#8221;.<\/p>\n<p>Mariano Recalde, Andr\u00e9s Larroque, Sergio Urribarri, Jorge Capitanich y Daniel Filmus fueron algunos de los primeros pol\u00edticos en saludar, por Twitter, a la actual senadora nacional. Tambi\u00e9n, la cuenta oficial de La C\u00e1mpora, le dedic\u00f3 un video acompa\u00f1ado de un mensaje: &#8220;Conf\u00edo en su voz&#8221;.<\/p>\n","protected":false},"excerpt":{"rendered":"<p>La senadora nacional cumpli\u00f3 66 a\u00f1os y dirigentes y seguidores la convirtieron en tendencia en redes sociales &nbsp; &nbsp; &nbsp; La ex presidenta Cristina Kirchner cumple 66 a\u00f1os este martes y, apenas arranc\u00f3 el d\u00eda, sus seguidores coparon las redes sociales bajo el hashtag #CristinaCumple para saludarla. Entre los apoyos y las muestras de afecto a la ex mandataria, se destacaron las frases m\u00e1s resonantes de su mandato como &#8220;no fue magia&#8221; y &#8220;la patria es el otro&#8221;. Mariano Recalde, Andr\u00e9s Larroque, Sergio Urribarri, Jorge Capitanich y Daniel Filmus fueron&#8230;<\/p>\n","protected":false},"author":3,"featured_media":40727,"comment_status":"closed","ping_status":"closed","sticky":false,"template":"","format":"standard","meta":[],"categories":[9],"tags":[],"_links":{"self":[{"href":"https:\/\/www.actualidadadiario.com\/index.php\/wp-json\/wp\/v2\/posts\/40726"}],"collection":[{"href":"https:\/\/www.actualidadadiario.com\/index.php\/wp-json\/wp\/v2\/posts"}],"about":[{"href":"https:\/\/www.actualidadadiario.com\/index.php\/wp-json\/wp\/v2\/types\/post"}],"author":[{"embeddable":true,"href":"https:\/\/www.actualidadadiario.com\/index.php\/wp-json\/wp\/v2\/users\/3"}],"replies":[{"embeddable":true,"href":"https:\/\/www.actualidadadiario.com\/index.php\/wp-json\/wp\/v2\/comments?post=40726"}],"version-history":[{"count":1,"href":"https:\/\/www.actualidadadiario.com\/index.php\/wp-json\/wp\/v2\/posts\/40726\/revisions"}],"predecessor-version":[{"id":40728,"href":"https:\/\/www.actualidadadiario.com\/index.php\/wp-json\/wp\/v2\/posts\/40726\/revisions\/40728"}],"wp:featuredmedia":[{"embeddable":true,"href":"https:\/\/www.actualidadadiario.com\/index.php\/wp-json\/wp\/v2\/media\/40727"}],"wp:attachment":[{"href":"https:\/\/www.actualidadadiario.com\/index.php\/wp-json\/wp\/v2\/media?parent=40726"}],"wp:term":[{"taxonomy":"category","embeddable":true,"href":"https:\/\/www.actualidadadiario.com\/index.php\/wp-json\/wp\/v2\/categories?post=40726"},{"taxonomy":"post_tag","embeddable":true,"href":"https:\/\/www.actualidadadiario.com\/index.php\/wp-json\/wp\/v2\/tags?post=40726"}],"curies":[{"name":"wp","href":"https:\/\/api.w.org\/{rel}","templated":true}]}}