{"id":40717,"date":"2019-02-19T12:08:20","date_gmt":"2019-02-19T15:08:20","guid":{"rendered":"https:\/\/www.actualidadadiario.com\/?p=40717"},"modified":"2019-05-06T20:53:52","modified_gmt":"2019-05-06T23:53:52","slug":"fuerte-reclamo-al-gobierno-para-que-se-trate-una-reforma-del-codigo-penal","status":"publish","type":"post","link":"https:\/\/www.actualidadadiario.com\/index.php\/2019\/02\/19\/fuerte-reclamo-al-gobierno-para-que-se-trate-una-reforma-del-codigo-penal\/","title":{"rendered":"Fuerte reclamo al Gobierno para que se trate una reforma del C\u00f3digo Penal"},"content":{"rendered":"<p><em><strong>El massismo solicit\u00f3 que no se dilate el tratamiento del proyecto del C\u00f3digo Penal y R\u00e9gimen Penal Juvenil, entre otras iniciativas<\/strong><\/em><\/p>\n<p>&nbsp;<\/p>\n<p>&nbsp;<\/p>\n<p>El bloque de diputados nacionales del Frente Renovador (FR) le reclam\u00f3 al Gobierno del presidente Mauricio Macri que no dilate el tratamiento en el Congreso de la Naci\u00f3n del proyecto del C\u00f3digo Penal y R\u00e9gimen Penal Juvenil, entre otras iniciativas.<\/p>\n<p>Por medio de una conferencia de prensa en el Palacio Legislativo, el massismo intent\u00f3 apurar la agenda del oficialismo en materia de seguridad y para que se discutan unas propuestas &#8220;claves&#8221; para la coalici\u00f3n que encabeza a nivel nacional Sergio Massa.<\/p>\n<p>Graciela Cama\u00f1o, jefa del bloque massista, empez\u00f3 su discurso con una fuerte cr\u00edtica a la decisi\u00f3n del Poder Ejecutivo de no convocar a extraordinarias: &#8220;Lamentamos haber tenido vacaciones tan largas&#8221;, ironiz\u00f3.<\/p>\n<p>&#8220;Prometemos trabajar intensamente para que los ciudadanos tengan un C\u00f3digo Penal que los proteja y que esencialmente contemple a la v\u00edctima y no que haga apolog\u00eda de la defensa del victimario&#8221;, enfatiz\u00f3 la funcionaria.<\/p>\n<p>&#8220;Vamos a trabajar para que el Congreso se abra y funcione&#8221;, destac\u00f3 Cama\u00f1o, quien aventur\u00f3 que el oficialismo podr\u00eda evadir los debates p\u00fablicos para no perjudicar su opini\u00f3n p\u00fablica en pleno arranque de la campa\u00f1a electoral.<\/p>\n<p>&#8220;Hemos tra\u00eddo al Congreso una serie de normas que lamentablemente no est\u00e1n en agenda, por la falta de vocaci\u00f3n y voluntad pol\u00edtica de un Gobierno que est\u00e1 a punto de terminar su mandato y que sigue haciendo anuncios publicitarios de temas tan importantes como es la Seguridad. Queremos que salga el C\u00f3digo que present\u00f3 Sergio Massa en 2015&#8221;, remarc\u00f3 Cama\u00f1o.<\/p>\n<p>Por su parte, el especialista en Seguridad del equipo del FR, Ramiro Guti\u00e9rrez, present\u00f3 &#8220;el C\u00f3digo Justo&#8221; que le encomend\u00f3 Massa. &#8220;Este es el c\u00f3digo donde las penas se cumplen. 10 a\u00f1os de condena son 10 a\u00f1os de c\u00e1rcel, no cuatro, ni tres ni dos. Eliminamos la libertad condicional. Defendemos de verdad a las v\u00edctimas. Nosotros cambiamos el paradigma. Aqu\u00ed se establece un dur\u00edsimo sistema de reincidencia para terminar con el borramiento del prontuario&#8221;, afirm\u00f3.<\/p>\n","protected":false},"excerpt":{"rendered":"<p>El massismo solicit\u00f3 que no se dilate el tratamiento del proyecto del C\u00f3digo Penal y R\u00e9gimen Penal Juvenil, entre otras iniciativas &nbsp; &nbsp; El bloque de diputados nacionales del Frente Renovador (FR) le reclam\u00f3 al Gobierno del presidente Mauricio Macri que no dilate el tratamiento en el Congreso de la Naci\u00f3n del proyecto del C\u00f3digo Penal y R\u00e9gimen Penal Juvenil, entre otras iniciativas. Por medio de una conferencia de prensa en el Palacio Legislativo, el massismo intent\u00f3 apurar la agenda del oficialismo en materia de seguridad y para que se&#8230;<\/p>\n","protected":false},"author":3,"featured_media":40718,"comment_status":"closed","ping_status":"closed","sticky":false,"template":"","format":"standard","meta":[],"categories":[18],"tags":[],"_links":{"self":[{"href":"https:\/\/www.actualidadadiario.com\/index.php\/wp-json\/wp\/v2\/posts\/40717"}],"collection":[{"href":"https:\/\/www.actualidadadiario.com\/index.php\/wp-json\/wp\/v2\/posts"}],"about":[{"href":"https:\/\/www.actualidadadiario.com\/index.php\/wp-json\/wp\/v2\/types\/post"}],"author":[{"embeddable":true,"href":"https:\/\/www.actualidadadiario.com\/index.php\/wp-json\/wp\/v2\/users\/3"}],"replies":[{"embeddable":true,"href":"https:\/\/www.actualidadadiario.com\/index.php\/wp-json\/wp\/v2\/comments?post=40717"}],"version-history":[{"count":1,"href":"https:\/\/www.actualidadadiario.com\/index.php\/wp-json\/wp\/v2\/posts\/40717\/revisions"}],"predecessor-version":[{"id":40719,"href":"https:\/\/www.actualidadadiario.com\/index.php\/wp-json\/wp\/v2\/posts\/40717\/revisions\/40719"}],"wp:featuredmedia":[{"embeddable":true,"href":"https:\/\/www.actualidadadiario.com\/index.php\/wp-json\/wp\/v2\/media\/40718"}],"wp:attachment":[{"href":"https:\/\/www.actualidadadiario.com\/index.php\/wp-json\/wp\/v2\/media?parent=40717"}],"wp:term":[{"taxonomy":"category","embeddable":true,"href":"https:\/\/www.actualidadadiario.com\/index.php\/wp-json\/wp\/v2\/categories?post=40717"},{"taxonomy":"post_tag","embeddable":true,"href":"https:\/\/www.actualidadadiario.com\/index.php\/wp-json\/wp\/v2\/tags?post=40717"}],"curies":[{"name":"wp","href":"https:\/\/api.w.org\/{rel}","templated":true}]}}