{"id":40715,"date":"2019-02-19T12:07:32","date_gmt":"2019-02-19T15:07:32","guid":{"rendered":"https:\/\/www.actualidadadiario.com\/?p=40715"},"modified":"2019-05-06T20:56:07","modified_gmt":"2019-05-06T23:56:07","slug":"con-acuerdo-en-seis-provincias-cristina-se-abstiene-de-las-internas","status":"publish","type":"post","link":"https:\/\/www.actualidadadiario.com\/index.php\/2019\/02\/19\/con-acuerdo-en-seis-provincias-cristina-se-abstiene-de-las-internas\/","title":{"rendered":"Con acuerdo en seis provincias, Cristina se abstiene de las internas"},"content":{"rendered":"<p><em><strong>Como en La Pampa, de a poco, el kirchnerismo viene acordando con los PJ provinciales. La ex Presidenta prefiere no terciar en las que habr\u00e1 primarias<\/strong><\/em><\/p>\n<p>&nbsp;<\/p>\n<p>&nbsp;<\/p>\n<p>Mientras evita dar cualquier se\u00f1al que anticipe si ser\u00e1 o no candidata, jugando al hist\u00f3rico misterio K, Cristina Fern\u00e1ndez de Kirchner festejar\u00e1 ma\u00f1ana 66 a\u00f1os con una paz firmada en seis de los 24 distritos electorales del pa\u00eds. Es para sus categor\u00edas locales, las nacionales que se dirimir\u00e1n en las PASO de agosto todav\u00eda no fueron negociadas.<\/p>\n<p>En el Instituto Patria, b\u00fanker cristinista regenteado por Oscar Parrilli, celebraron ayer las primarias pampeanas, primer test en el extenso cronograma electoral 2019 de comicios desdoblados. No s\u00f3lo por la derrota del macrista Carlos Mac Allister ante el radicalismo, sino tambi\u00e9n por la victoria del precandidato camporista Luciano di N\u00e1poli en la interna por la intendencia de Santa Rosa. Como ya cont\u00f3 este diario, el ahora postulante capitalino del PJ, era una de las pocas fichas que la agrupaci\u00f3n de M\u00e1ximo Kirchner se juega en el tablero nacional.<\/p>\n<p>Su ex competidor, Jorge Lezcano, apoyado por el gobernador Carlos Verna, justific\u00f3 la ca\u00edda por la ex Presidenta: &#8220;Se me cruz\u00f3 Cristina&#8221;. Nada le podr\u00eda haber endulzado mejor los o\u00eddos al kirchnerismo: pelean contra la visi\u00f3n que le endilgan a la Casa Rosada de que Cristina Kirchner y su Unidad Ciudadana son un fen\u00f3meno que no va a trascender las fronteras bonaerenses.<\/p>\n<p>Eso parec\u00eda, cuando a fines del a\u00f1o pasado los gobernadores del PJ se alineaban con los socios de Alternativa Federal. Una que evit\u00f3 aquellos c\u00f3nclaves fue la catamarque\u00f1a Luc\u00eda Corpacci. D\u00edas atr\u00e1s, Unidad Ciudadana se lanz\u00f3 en su territorio.<\/p>\n<p>Del resto, en la previa de los cierres, uno por uno ahora se van amigando con la ex mandataria. Verna fue uno de ellos, como antes el pionero Alberto Rodr\u00edguez Sa\u00e1, que olvid\u00f3 sus 12 a\u00f1os de enojo. El tucumano Juan Manzur, su ex ministro de Salud, fue otro.<\/p>\n<p>Luego de bajar la orden a sus filas de buscar &#8220;la unidad&#8221; en toda provincia que se pudiera, para evitar las peleas que otrora movilizaban su presidencia, la actual senadora incluso ya desliza que en se abstendr\u00e1 al menos en tres de ellas, en las que no se logr\u00f3 un acuerdo: Chubut, San Luis y Tucum\u00e1n.<\/p>\n<p>De esta forma, Cristina Kirchner esquiva terciar en la remake puntana de R\u00f3mulo y Remo (la interna de Alberto y Adolfo Rodr\u00edguez Sa\u00e1) y en la pulseada Manzur-Jos\u00e9 Alperovich. Adem\u00e1s, en La Rioja, para evitar entrar la pol\u00e9mica por el refer\u00e9ndum de Sergio Casas, dio &#8220;libertad de acci\u00f3n&#8221;.<\/p>\n<p>Cerrada R\u00edo Negro con Mart\u00edn Soria versus el gobernador filo-Cambiemos Alberto Wereltinek; con mo\u00f1o Neuqu\u00e9n, donde con Ram\u00f3n Rioseco enfrentar\u00e1n a la dinast\u00eda del MPN; y el reencuentro entre el sanjuanino Sergio U\u00f1ac con Jos\u00e9 Luis Gioja, la semana pasada el cristinismo sell\u00f3 otros dos pactos distritales. Primero en Entre R\u00edos, firmando una pax armada entre el mandatario Gustavo Bordet y su antecesor Sergio Urribarri; y luego, bajando a los dos precandidatos K con aspiraciones en la interna santafesina del PJ, que ahora ser\u00eda un mano a mano entre Omar Perotti y Mar\u00eda Eugenia Bielsa (este viernes se presentan las listas).<\/p>\n<p>Incluso, envalentonados, bajo esta nueva postura zen de su Jefa, en el Patria se animan a imaginar un acuerdo en Salta con el mandatario Juan Manuel Urtubey, uno de los alternativos m\u00e1s f\u00e9rreos anti-K: &#8220;Si no acuerda, pierde como en 2017&#8221;, analizan. Del cortejo con Sergio Massa (que incluye asados con M\u00e1ximo Kirchner) ya se viene escribiendo.<\/p>\n<p>Quedan en el tintero los cierres de los distritos que concentran m\u00e1s electores. Es &#8220;innegociable&#8221; la candidatura de la senadora Anabel Fern\u00e1ndez Sagasti a la gobernaci\u00f3n mendocina. En C\u00f3rdoba, punta de lanza 2015 de Mauricio Macri, el kirchnerismo decidi\u00f3 llevar lista propia. Y en Buenos Aires, si bien el kirchnerismo apuesta por Axel Kicillof, el preacuerdo es que no haya internas, con el recuerdo amargo a\u00fan presente de 2015.<\/p>\n","protected":false},"excerpt":{"rendered":"<p>Como en La Pampa, de a poco, el kirchnerismo viene acordando con los PJ provinciales. La ex Presidenta prefiere no terciar en las que habr\u00e1 primarias &nbsp; &nbsp; Mientras evita dar cualquier se\u00f1al que anticipe si ser\u00e1 o no candidata, jugando al hist\u00f3rico misterio K, Cristina Fern\u00e1ndez de Kirchner festejar\u00e1 ma\u00f1ana 66 a\u00f1os con una paz firmada en seis de los 24 distritos electorales del pa\u00eds. Es para sus categor\u00edas locales, las nacionales que se dirimir\u00e1n en las PASO de agosto todav\u00eda no fueron negociadas. En el Instituto Patria, b\u00fanker&#8230;<\/p>\n","protected":false},"author":3,"featured_media":40233,"comment_status":"closed","ping_status":"closed","sticky":false,"template":"","format":"standard","meta":[],"categories":[9],"tags":[],"_links":{"self":[{"href":"https:\/\/www.actualidadadiario.com\/index.php\/wp-json\/wp\/v2\/posts\/40715"}],"collection":[{"href":"https:\/\/www.actualidadadiario.com\/index.php\/wp-json\/wp\/v2\/posts"}],"about":[{"href":"https:\/\/www.actualidadadiario.com\/index.php\/wp-json\/wp\/v2\/types\/post"}],"author":[{"embeddable":true,"href":"https:\/\/www.actualidadadiario.com\/index.php\/wp-json\/wp\/v2\/users\/3"}],"replies":[{"embeddable":true,"href":"https:\/\/www.actualidadadiario.com\/index.php\/wp-json\/wp\/v2\/comments?post=40715"}],"version-history":[{"count":1,"href":"https:\/\/www.actualidadadiario.com\/index.php\/wp-json\/wp\/v2\/posts\/40715\/revisions"}],"predecessor-version":[{"id":40716,"href":"https:\/\/www.actualidadadiario.com\/index.php\/wp-json\/wp\/v2\/posts\/40715\/revisions\/40716"}],"wp:featuredmedia":[{"embeddable":true,"href":"https:\/\/www.actualidadadiario.com\/index.php\/wp-json\/wp\/v2\/media\/40233"}],"wp:attachment":[{"href":"https:\/\/www.actualidadadiario.com\/index.php\/wp-json\/wp\/v2\/media?parent=40715"}],"wp:term":[{"taxonomy":"category","embeddable":true,"href":"https:\/\/www.actualidadadiario.com\/index.php\/wp-json\/wp\/v2\/categories?post=40715"},{"taxonomy":"post_tag","embeddable":true,"href":"https:\/\/www.actualidadadiario.com\/index.php\/wp-json\/wp\/v2\/tags?post=40715"}],"curies":[{"name":"wp","href":"https:\/\/api.w.org\/{rel}","templated":true}]}}