{"id":40712,"date":"2019-02-19T12:06:44","date_gmt":"2019-02-19T15:06:44","guid":{"rendered":"https:\/\/www.actualidadadiario.com\/?p=40712"},"modified":"2019-05-06T20:54:11","modified_gmt":"2019-05-06T23:54:11","slug":"envalentonados-desde-la-ucr-amenazan-con-romper-cambiemos","status":"publish","type":"post","link":"https:\/\/www.actualidadadiario.com\/index.php\/2019\/02\/19\/envalentonados-desde-la-ucr-amenazan-con-romper-cambiemos\/","title":{"rendered":"Envalentonados, desde la UCR amenazan con romper Cambiemos"},"content":{"rendered":"<p><em><strong>Tras la interna en La Pampa donde el macrismo cay\u00f3 ante el candidato radical, el centenario partido se anima a hacer tambalear la alianza oficialista<\/strong><\/em><\/p>\n<p>&nbsp;<\/p>\n<p>&nbsp;<\/p>\n<p>&nbsp;<\/p>\n<p>Aunque haya sido una elecci\u00f3n peque\u00f1a, sirvi\u00f3 como muestra de una realidad que ya no es como la que el macrismo viv\u00eda hasta hace poco. Inflaci\u00f3n, desocupaci\u00f3n y recesi\u00f3n son tres patas de una base pol\u00edtica que tamblaea d\u00eda a d\u00eda para el presidente Macri, quien todav\u00eda piensa en ser reelecto en las presidenciales de este a\u00f1o.<\/p>\n<p>La derrota del delf\u00edn presidencial Carlos Mac Allister en la interna de La Pampa frente al radical Daniel Kroneberger fue un golpe previsible para la Casa Rosada pero que adquiri\u00f3 especial relevancia y que termin\u00f3 opacando, entre otras cosas, la visita presidencial a la India y hasta el nuevo encarcelamiento de Amado Boudou.<\/p>\n<p>Con la noticia todav\u00eda fresca en los corredores pol\u00edticos, el presidente de la Convenci\u00f3n Nacional de la Uni\u00f3n C\u00edvica Radical, Jorge Sappia, sali\u00f3 con los tapones de punta y no dud\u00f3 en amenazar con una ruptura en la alianza gubernamental a la que el centenario partido le aporta aparato y estructura en todo el interior del pa\u00eds.<\/p>\n<p>\u201cLa gente sin querer romper con Cambiemos, le ha dado un castigo a la conducci\u00f3n pol\u00edtica del gobierno nacional. Han sometido al pa\u00eds a una crisis que estamos sufriendo todos y de la que va a ser muy dif\u00edcil salir\u201d, declar\u00f3 el titular del m\u00e1ximo organismo partidario del radicalismo en di\u00e1logo con Radio Caput.<\/p>\n<p>Sappia, adem\u00e1s de decir que no se imagina &#8220;poniendo en la urna una boleta de Macri o Vidal&#8221;, remarc\u00f3 que existe cierta necesidad de salir de Cambiemos. \u201cNo somos un partido conservador y neoliberal como quienes gobiernan el pa\u00eds. Van en contra de las banderas del radicalismo, no tenemos nada que ver\u201d, se\u00f1al\u00f3.<\/p>\n<p>Sin embargo, aclar\u00f3 tambi\u00e9n que la alianza PRO-UCR se debe una discusi\u00f3n interna en torno a un acuerdo program\u00e1tico con miras a una presunta segunda gesti\u00f3n de Cambiemos. Al mismo tiempo, fue taxativo en su an\u00e1lisis de lo que podr\u00eda pasar: \u201cSi no la aceptan, hasta ah\u00ed llegamos\u201d, resumi\u00f3.<\/p>\n","protected":false},"excerpt":{"rendered":"<p>Tras la interna en La Pampa donde el macrismo cay\u00f3 ante el candidato radical, el centenario partido se anima a hacer tambalear la alianza oficialista &nbsp; &nbsp; &nbsp; Aunque haya sido una elecci\u00f3n peque\u00f1a, sirvi\u00f3 como muestra de una realidad que ya no es como la que el macrismo viv\u00eda hasta hace poco. Inflaci\u00f3n, desocupaci\u00f3n y recesi\u00f3n son tres patas de una base pol\u00edtica que tamblaea d\u00eda a d\u00eda para el presidente Macri, quien todav\u00eda piensa en ser reelecto en las presidenciales de este a\u00f1o. La derrota del delf\u00edn presidencial&#8230;<\/p>\n","protected":false},"author":3,"featured_media":40713,"comment_status":"closed","ping_status":"closed","sticky":false,"template":"","format":"standard","meta":[],"categories":[18],"tags":[],"_links":{"self":[{"href":"https:\/\/www.actualidadadiario.com\/index.php\/wp-json\/wp\/v2\/posts\/40712"}],"collection":[{"href":"https:\/\/www.actualidadadiario.com\/index.php\/wp-json\/wp\/v2\/posts"}],"about":[{"href":"https:\/\/www.actualidadadiario.com\/index.php\/wp-json\/wp\/v2\/types\/post"}],"author":[{"embeddable":true,"href":"https:\/\/www.actualidadadiario.com\/index.php\/wp-json\/wp\/v2\/users\/3"}],"replies":[{"embeddable":true,"href":"https:\/\/www.actualidadadiario.com\/index.php\/wp-json\/wp\/v2\/comments?post=40712"}],"version-history":[{"count":1,"href":"https:\/\/www.actualidadadiario.com\/index.php\/wp-json\/wp\/v2\/posts\/40712\/revisions"}],"predecessor-version":[{"id":40714,"href":"https:\/\/www.actualidadadiario.com\/index.php\/wp-json\/wp\/v2\/posts\/40712\/revisions\/40714"}],"wp:featuredmedia":[{"embeddable":true,"href":"https:\/\/www.actualidadadiario.com\/index.php\/wp-json\/wp\/v2\/media\/40713"}],"wp:attachment":[{"href":"https:\/\/www.actualidadadiario.com\/index.php\/wp-json\/wp\/v2\/media?parent=40712"}],"wp:term":[{"taxonomy":"category","embeddable":true,"href":"https:\/\/www.actualidadadiario.com\/index.php\/wp-json\/wp\/v2\/categories?post=40712"},{"taxonomy":"post_tag","embeddable":true,"href":"https:\/\/www.actualidadadiario.com\/index.php\/wp-json\/wp\/v2\/tags?post=40712"}],"curies":[{"name":"wp","href":"https:\/\/api.w.org\/{rel}","templated":true}]}}