{"id":40706,"date":"2019-02-19T12:04:30","date_gmt":"2019-02-19T15:04:30","guid":{"rendered":"https:\/\/www.actualidadadiario.com\/?p=40706"},"modified":"2019-05-06T20:51:47","modified_gmt":"2019-05-06T23:51:47","slug":"melconian-alerto-a-macri-sobre-los-problemas-del-plan-picapiedra-del-fmi","status":"publish","type":"post","link":"https:\/\/www.actualidadadiario.com\/index.php\/2019\/02\/19\/melconian-alerto-a-macri-sobre-los-problemas-del-plan-picapiedra-del-fmi\/","title":{"rendered":"Melconian alert\u00f3 a Macri sobre los problemas del &#8220;Plan Picapiedra&#8221; del FMI"},"content":{"rendered":"<p><em><strong>El extitular del Banco Naci\u00f3n realiz\u00f3 un diagn\u00f3stico sobre el plan econ\u00f3mico del Fondo a largo plazo y de la situaci\u00f3n del Gobierno en el a\u00f1o electoral<\/strong><\/em><\/p>\n<p>&nbsp;<\/p>\n<p>&nbsp;<\/p>\n<p>Con la mirada cr\u00edtica que lo caracteriza desde su salida del Gobierno nacional, Carlos Melconian cuestion\u00f3 el plan econ\u00f3mico del Fondo Monetario Internacional tras el acuerdo &#8220;stand-by&#8221; por 57.000 millones de d\u00f3lares firmado con la Casa Rosada. Si bien advirti\u00f3 que el modelo, al que calific\u00f3 de &#8220;Plan Picapiedra&#8221;, &#8220;no fracas\u00f3&#8221;, el expresidente del Banco Naci\u00f3n consider\u00f3 que &#8220;es imposible&#8221; darle una continuidad a futuro.<\/p>\n<p>&#8220;El Fondo tiene que tener clarito que la continuidad virginal del plan picapiedra futuro es imposible. No es una discusi\u00f3n ideol\u00f3gica, la amplitud de criterio implica ver qu\u00e9 errores cometimos y qu\u00e9 se debe hacer de ac\u00e1 en adelante&#8221;, consider\u00f3 el economista en di\u00e1logo con Radio Mitre.<\/p>\n<p>&#8220;El plan Picapiedra como fue dise\u00f1ado originalmente es incontinuable, pero no porque est\u00e1 fracasando. Es porque fue para una emergencia&#8221;, opin\u00f3, y agreg\u00f3 que &#8220;los n\u00fameros son modestos, mediocres, porque su objetivo inicial era evitar la espiralizaci\u00f3n y el default&#8221;.<\/p>\n<p>De cara a las elecciones de octubre, Melconian apunt\u00f3 que cree que el oficialismo &#8220;no quiere poner a la econom\u00eda en el centro del debate porque se refiere a la idea de resultados&#8221;.<\/p>\n<p>&#8220;El famoso tercio del Gobierno no lo vota por la econom\u00eda. En el medio hay un problema porque la tendencia del centro es cada vez m\u00e1s economicista&#8221;, analiz\u00f3 sobre los pr\u00f3ximos comicios.<\/p>\n<p>Respecto a una posible reelecci\u00f3n de Mauricio Macri, apost\u00f3 a que puede ser posible pero aclar\u00f3 que ya sea \u00e9l o quien lo suceda, &#8220;va a tener que tener la lucidez de no cometer el mismo error&#8221;.<\/p>\n<p>&#8220;En la intimidad el l\u00edder ganador, que puede ser la reelecci\u00f3n del presidente Macri o el que en la cancha le gane, va a tener que tener la lucidez de no cometer el mismo error. Los que se fueron son responsables de esto. El debate serio lleva a ver qu\u00e9 se hizo mal, qu\u00e9 se puede hacer mejor o qu\u00e9 no se puede hacer m\u00e1s&#8221;, opin\u00f3.<\/p>\n<p>En relaci\u00f3n al &#8220;rumbo&#8221; de la gesti\u00f3n de Cambiemos, consider\u00f3 que &#8220;es correcto&#8221;. &#8220;El rumbo es el correcto. En t\u00e9rminos de fondo el cambio entre este Gobierno y el anterior es el d\u00eda y la noche .Lo \u00fanico que espero es que la pol\u00edtica en su conjunto, tenga un diagn\u00f3stico correcto&#8221;, expres\u00f3.<\/p>\n","protected":false},"excerpt":{"rendered":"<p>El extitular del Banco Naci\u00f3n realiz\u00f3 un diagn\u00f3stico sobre el plan econ\u00f3mico del Fondo a largo plazo y de la situaci\u00f3n del Gobierno en el a\u00f1o electoral &nbsp; &nbsp; Con la mirada cr\u00edtica que lo caracteriza desde su salida del Gobierno nacional, Carlos Melconian cuestion\u00f3 el plan econ\u00f3mico del Fondo Monetario Internacional tras el acuerdo &#8220;stand-by&#8221; por 57.000 millones de d\u00f3lares firmado con la Casa Rosada. Si bien advirti\u00f3 que el modelo, al que calific\u00f3 de &#8220;Plan Picapiedra&#8221;, &#8220;no fracas\u00f3&#8221;, el expresidente del Banco Naci\u00f3n consider\u00f3 que &#8220;es imposible&#8221; darle&#8230;<\/p>\n","protected":false},"author":3,"featured_media":40707,"comment_status":"closed","ping_status":"closed","sticky":false,"template":"","format":"standard","meta":[],"categories":[18],"tags":[],"_links":{"self":[{"href":"https:\/\/www.actualidadadiario.com\/index.php\/wp-json\/wp\/v2\/posts\/40706"}],"collection":[{"href":"https:\/\/www.actualidadadiario.com\/index.php\/wp-json\/wp\/v2\/posts"}],"about":[{"href":"https:\/\/www.actualidadadiario.com\/index.php\/wp-json\/wp\/v2\/types\/post"}],"author":[{"embeddable":true,"href":"https:\/\/www.actualidadadiario.com\/index.php\/wp-json\/wp\/v2\/users\/3"}],"replies":[{"embeddable":true,"href":"https:\/\/www.actualidadadiario.com\/index.php\/wp-json\/wp\/v2\/comments?post=40706"}],"version-history":[{"count":1,"href":"https:\/\/www.actualidadadiario.com\/index.php\/wp-json\/wp\/v2\/posts\/40706\/revisions"}],"predecessor-version":[{"id":40708,"href":"https:\/\/www.actualidadadiario.com\/index.php\/wp-json\/wp\/v2\/posts\/40706\/revisions\/40708"}],"wp:featuredmedia":[{"embeddable":true,"href":"https:\/\/www.actualidadadiario.com\/index.php\/wp-json\/wp\/v2\/media\/40707"}],"wp:attachment":[{"href":"https:\/\/www.actualidadadiario.com\/index.php\/wp-json\/wp\/v2\/media?parent=40706"}],"wp:term":[{"taxonomy":"category","embeddable":true,"href":"https:\/\/www.actualidadadiario.com\/index.php\/wp-json\/wp\/v2\/categories?post=40706"},{"taxonomy":"post_tag","embeddable":true,"href":"https:\/\/www.actualidadadiario.com\/index.php\/wp-json\/wp\/v2\/tags?post=40706"}],"curies":[{"name":"wp","href":"https:\/\/api.w.org\/{rel}","templated":true}]}}