{"id":40702,"date":"2019-02-19T12:02:10","date_gmt":"2019-02-19T15:02:10","guid":{"rendered":"https:\/\/www.actualidadadiario.com\/?p=40702"},"modified":"2019-05-06T20:50:57","modified_gmt":"2019-05-06T23:50:57","slug":"que-argumentaron-los-jueces-que-decidieron-que-amado-boudou-vuelva-a-la-carcel","status":"publish","type":"post","link":"https:\/\/www.actualidadadiario.com\/index.php\/2019\/02\/19\/que-argumentaron-los-jueces-que-decidieron-que-amado-boudou-vuelva-a-la-carcel\/","title":{"rendered":"Qu\u00e9 argumentaron los jueces que decidieron que Amado Boudou vuelva a la c\u00e1rcel"},"content":{"rendered":"<p><em><strong>Para los integrantes de la C\u00e1mara de Casaci\u00f3n, el &#8220;modus operandi&#8221; del exvice fue &#8220;prepotente y amenazante&#8221; y su libertad robustecer\u00eda &#8220;el sentimiento de impunidad&#8221;<\/strong><\/em><\/p>\n<p>&nbsp;<\/p>\n<p>&nbsp;<\/p>\n<p>&nbsp;<\/p>\n<p>&nbsp;<\/p>\n<p>Dos meses despu\u00e9s de ser excarcelado, el ex vicepresidente Amado Boudou volvi\u00f3 al penal de Ezeiza, luego de que la Sala IV de la C\u00e1mara de Casaci\u00f3n Penal decidiera este lunes, por unanimidad, revocar la sentencia que le permiti\u00f3 salir de prisi\u00f3n el 12 de diciembre pasado. En su fallo, el tribunal integrado por los jueces Gustavo Hornos, Mariano Borinsky y Juan Carlos Gemignani consider\u00f3 que la decisi\u00f3n de excarcelar al dirigente se bas\u00f3 en un an\u00e1lisis &#8220;sesgado&#8221;, que no justific\u00f3 el cambio de criterio respecto a la resoluci\u00f3n que hab\u00eda ordenado, en un primer momento, la prisi\u00f3n preventiva.<\/p>\n<p>Los magistrados asimismo mencionaron que los hechos de corrupci\u00f3n imputados son &#8220;complejos y trascendentes&#8221;, y describieron el &#8220;modus operandi&#8221; del acusado como &#8220;prepotente y amenazante&#8221;.<\/p>\n<p>En este sentido, el juez Hornos ponder\u00f3 &#8220;la b\u00fasqueda de impunidad y el accionar siempre oculto con los que Boudou habr\u00eda perge\u00f1ado la maniobra a los efectos de no resultar vinculado con la empresa criminal&#8221;.<\/p>\n<p>Otro argumento que destac\u00f3 el juez en su fallo es que la excarcelaci\u00f3n de Boudou robustecer\u00eda el &#8220;sentimiento de impunidad&#8221;, dado que ya fue condenado a cinco a\u00f1os y diez meses de prisi\u00f3n, aunque todav\u00eda la condena no est\u00e1 firme.<\/p>\n<p>La liberaci\u00f3n del exministro de Econom\u00eda &#8220;implicar\u00eda convertir la repuesta penal estatal en meramente simb\u00f3lica, robusteci\u00e9ndose e increment\u00e1ndose de modo harto inapropiado, el primigenio sentimiento de impunidad derivado de la comprobaci\u00f3n judicial de estos sucesos, con la s\u00fabita sustracci\u00f3n del accionar a la justicia de sus principales protagonistas que han sido v\u00e1lidamente considerados autores y c\u00f3mplices de graves delitos&#8221;, expuso.<\/p>\n<p>Hornos tambi\u00e9n sostuvo que &#8220;la maniobra y el &#8216;modus operandi&#8217; de Boudou&#8221; permite presumir que su libertad traer\u00eda &#8220;riesgo procesal&#8221;. &#8220;Deben resaltarse los v\u00ednculos que ostentar\u00eda el imputado con varias \u00e1reas de la administraci\u00f3n p\u00fablica y que habr\u00eda influenciado a los organismos del Estado seg\u00fan su inter\u00e9s para alcanzar su prop\u00f3sito criminal&#8221;, consider\u00f3.<\/p>\n<p>Por su parte, Gemignani expuso que los riesgos procesales derivados de la libertad del imputado &#8220;devienen ya de la propia existencia de una sentencia condenatoria, aunque ella no se encuentre en autoridad de cosa juzgada&#8221;.<\/p>\n<p>&#8220;Como se advierte se contraponen una presunci\u00f3n la de inocencia- y una certeza -la de culpabilidad-. Y obviamente, tanto desde el punto de vista l\u00f3gico como axiol\u00f3gico, la certeza ha de imponerse a la presunci\u00f3n. No se trata ya de asegurar el eventual cumplimiento de la pena, sino de disponer su cumplimiento&#8221;, expres\u00f3.<\/p>\n<p>Finalmente Borinsky agreg\u00f3 que al conceder la excarcelaci\u00f3n, el Tribunal Oral Federal N\u00b0 4 &#8220;omiti\u00f3 dar tratamiento a cuestiones sustanciales vinculadas con la existencia de riesgos procesales&#8221; y calific\u00f3 a la sentencia de &#8220;arbitraria&#8221; por lo cual opin\u00f3 que &#8220;corresponde descalificar la resoluci\u00f3n impugnada como acto jurisdiccional v\u00e1lido&#8221;.<\/p>\n","protected":false},"excerpt":{"rendered":"<p>Para los integrantes de la C\u00e1mara de Casaci\u00f3n, el &#8220;modus operandi&#8221; del exvice fue &#8220;prepotente y amenazante&#8221; y su libertad robustecer\u00eda &#8220;el sentimiento de impunidad&#8221; &nbsp; &nbsp; &nbsp; &nbsp; Dos meses despu\u00e9s de ser excarcelado, el ex vicepresidente Amado Boudou volvi\u00f3 al penal de Ezeiza, luego de que la Sala IV de la C\u00e1mara de Casaci\u00f3n Penal decidiera este lunes, por unanimidad, revocar la sentencia que le permiti\u00f3 salir de prisi\u00f3n el 12 de diciembre pasado. En su fallo, el tribunal integrado por los jueces Gustavo Hornos, Mariano Borinsky y&#8230;<\/p>\n","protected":false},"author":3,"featured_media":40703,"comment_status":"closed","ping_status":"closed","sticky":false,"template":"","format":"standard","meta":[],"categories":[18],"tags":[],"_links":{"self":[{"href":"https:\/\/www.actualidadadiario.com\/index.php\/wp-json\/wp\/v2\/posts\/40702"}],"collection":[{"href":"https:\/\/www.actualidadadiario.com\/index.php\/wp-json\/wp\/v2\/posts"}],"about":[{"href":"https:\/\/www.actualidadadiario.com\/index.php\/wp-json\/wp\/v2\/types\/post"}],"author":[{"embeddable":true,"href":"https:\/\/www.actualidadadiario.com\/index.php\/wp-json\/wp\/v2\/users\/3"}],"replies":[{"embeddable":true,"href":"https:\/\/www.actualidadadiario.com\/index.php\/wp-json\/wp\/v2\/comments?post=40702"}],"version-history":[{"count":2,"href":"https:\/\/www.actualidadadiario.com\/index.php\/wp-json\/wp\/v2\/posts\/40702\/revisions"}],"predecessor-version":[{"id":40705,"href":"https:\/\/www.actualidadadiario.com\/index.php\/wp-json\/wp\/v2\/posts\/40702\/revisions\/40705"}],"wp:featuredmedia":[{"embeddable":true,"href":"https:\/\/www.actualidadadiario.com\/index.php\/wp-json\/wp\/v2\/media\/40703"}],"wp:attachment":[{"href":"https:\/\/www.actualidadadiario.com\/index.php\/wp-json\/wp\/v2\/media?parent=40702"}],"wp:term":[{"taxonomy":"category","embeddable":true,"href":"https:\/\/www.actualidadadiario.com\/index.php\/wp-json\/wp\/v2\/categories?post=40702"},{"taxonomy":"post_tag","embeddable":true,"href":"https:\/\/www.actualidadadiario.com\/index.php\/wp-json\/wp\/v2\/tags?post=40702"}],"curies":[{"name":"wp","href":"https:\/\/api.w.org\/{rel}","templated":true}]}}