{"id":4070,"date":"2016-11-08T10:04:47","date_gmt":"2016-11-08T13:04:47","guid":{"rendered":"http:\/\/actualidadadiario.com\/site\/?p=4070"},"modified":"2016-11-08T10:04:47","modified_gmt":"2016-11-08T13:04:47","slug":"senado-arranca-hoy-discusion-por-presupuesto-2017","status":"publish","type":"post","link":"https:\/\/www.actualidadadiario.com\/index.php\/2016\/11\/08\/senado-arranca-hoy-discusion-por-presupuesto-2017\/","title":{"rendered":"Senado arranca hoy discusi\u00f3n por Presupuesto 2017"},"content":{"rendered":"<p><em><strong>Tras su aprobaci\u00f3n en la C\u00e1mara de Diputados la madrugada del jueves, el Presupuesto 2017 ser\u00e1 debatido este martes en la C\u00e1mara alta. El oficialismo prev\u00e9 que el proyecto se vote en el recinto el pr\u00f3ximo 30 de noviembre<\/strong><\/em><\/p>\n<p>&nbsp;<\/p>\n<p>&nbsp;<\/p>\n<p>&nbsp;<\/p>\n<p>&nbsp;<\/p>\n<p>&nbsp;<\/p>\n<p>&nbsp;<\/p>\n<p>El debate en la Comisi\u00f3n de Presupuesto y Hacienda del Senado ser\u00e1 presidido por el radical Julio Cobos, dado que su titular, Juan Manuel Abal Medina (FpV), estar\u00e1 de viaje.<\/p>\n<p>&nbsp;<\/p>\n<p>Los primeros en exponer ser\u00e1n los secretarios de Comercio, Gustavo Marconato, y de Finanzas, Luis Caputo, encargados de presentar gastos y recursos para 2017. Lo har\u00e1n a partir de las 16.<\/p>\n<p>&nbsp;<\/p>\n<p>El tratamiento continuar\u00e1 la semana siguiente, cuando el martes 15, a las 11, expongan los ministros de Transporte, Guillermo Dietrich, y de Interior, Rogelio Frigerio. En tanto, el martes 22 ser\u00e1 el turno de los titulares de las carteras de Desarrollo Social, Carolina Stanley, y Educaci\u00f3n, Esteban Bullrich.<\/p>\n<p>&nbsp;<\/p>\n<p>Desde el oficialismo, cuentan con que no sea necesario prorrogar las sesiones en el Congreso, y la votaci\u00f3n tenga lugar el 30 de noviembre.<\/p>\n<p>&nbsp;<\/p>\n<p>Vale recordar que el Presupuesto 2017 prev\u00e9 una inflaci\u00f3n del 17 para el pr\u00f3ximo a\u00f1o, un d\u00f3lar a $ 18, y un d\u00e9ficit fiscal del 4,2 % del PBI.<\/p>\n<p>&nbsp;<\/p>\n<p>En paralelo, el Senado deber\u00e1 volver a tratar la ley de contrataci\u00f3n p\u00fablico privada, que Diputados devolvi\u00f3 con cambios, y el l\u00edmite a los superpoderes.<\/p>\n<p>&nbsp;<\/p>\n<p>Ese l\u00edmite fue establecido en 7,5% para 2017 y 5% para 2018, y adem\u00e1s se fij\u00f3 un tope del 15% para el cambio de jurisdicci\u00f3n de las partidas.<\/p>\n<p>&nbsp;<\/p>\n<p>Tambi\u00e9n se prev\u00e9 que la C\u00e1mara alta trate en las pr\u00f3ximas semanas el proyecto de &#8220;emergencia social&#8221;, propuesto por movimientos sociales y legisladores de la oposici\u00f3n. Promueve la creaci\u00f3n de un mill\u00f3n de puestos de trabajo y el aumento en las asignaciones universales por hijo y por embarazo. El oficialismo intenta demorar su tratamiento y no descarta un veto presidencial.<\/p>\n","protected":false},"excerpt":{"rendered":"<p>Tras su aprobaci\u00f3n en la C\u00e1mara de Diputados la madrugada del jueves, el Presupuesto 2017 ser\u00e1 debatido este martes en la C\u00e1mara alta. El oficialismo prev\u00e9 que el proyecto se vote en el recinto el pr\u00f3ximo 30 de noviembre &nbsp; &nbsp; &nbsp; &nbsp; &nbsp; &nbsp; El debate en la Comisi\u00f3n de Presupuesto y Hacienda del Senado ser\u00e1 presidido por el radical Julio Cobos, dado que su titular, Juan Manuel Abal Medina (FpV), estar\u00e1 de viaje. &nbsp; Los primeros en exponer ser\u00e1n los secretarios de Comercio, Gustavo Marconato, y de Finanzas,&#8230;<\/p>\n","protected":false},"author":3,"featured_media":4071,"comment_status":"closed","ping_status":"closed","sticky":false,"template":"","format":"standard","meta":[],"categories":[2],"tags":[],"_links":{"self":[{"href":"https:\/\/www.actualidadadiario.com\/index.php\/wp-json\/wp\/v2\/posts\/4070"}],"collection":[{"href":"https:\/\/www.actualidadadiario.com\/index.php\/wp-json\/wp\/v2\/posts"}],"about":[{"href":"https:\/\/www.actualidadadiario.com\/index.php\/wp-json\/wp\/v2\/types\/post"}],"author":[{"embeddable":true,"href":"https:\/\/www.actualidadadiario.com\/index.php\/wp-json\/wp\/v2\/users\/3"}],"replies":[{"embeddable":true,"href":"https:\/\/www.actualidadadiario.com\/index.php\/wp-json\/wp\/v2\/comments?post=4070"}],"version-history":[{"count":1,"href":"https:\/\/www.actualidadadiario.com\/index.php\/wp-json\/wp\/v2\/posts\/4070\/revisions"}],"predecessor-version":[{"id":4072,"href":"https:\/\/www.actualidadadiario.com\/index.php\/wp-json\/wp\/v2\/posts\/4070\/revisions\/4072"}],"wp:featuredmedia":[{"embeddable":true,"href":"https:\/\/www.actualidadadiario.com\/index.php\/wp-json\/wp\/v2\/media\/4071"}],"wp:attachment":[{"href":"https:\/\/www.actualidadadiario.com\/index.php\/wp-json\/wp\/v2\/media?parent=4070"}],"wp:term":[{"taxonomy":"category","embeddable":true,"href":"https:\/\/www.actualidadadiario.com\/index.php\/wp-json\/wp\/v2\/categories?post=4070"},{"taxonomy":"post_tag","embeddable":true,"href":"https:\/\/www.actualidadadiario.com\/index.php\/wp-json\/wp\/v2\/tags?post=4070"}],"curies":[{"name":"wp","href":"https:\/\/api.w.org\/{rel}","templated":true}]}}