{"id":40697,"date":"2019-02-19T12:00:03","date_gmt":"2019-02-19T15:00:03","guid":{"rendered":"https:\/\/www.actualidadadiario.com\/?p=40697"},"modified":"2019-05-06T20:55:34","modified_gmt":"2019-05-06T23:55:34","slug":"el-33-de-los-hogares-no-adquiere-utiles-escolares-y-elige-usar-los-del-ano-pasado","status":"publish","type":"post","link":"https:\/\/www.actualidadadiario.com\/index.php\/2019\/02\/19\/el-33-de-los-hogares-no-adquiere-utiles-escolares-y-elige-usar-los-del-ano-pasado\/","title":{"rendered":"El 33% de los hogares no adquiere \u00fatiles escolares y elige usar los del a\u00f1o pasado"},"content":{"rendered":"<p><em><strong>Mientras el Gobierno anunci\u00f3 ayer la campa\u00f1a &#8220;\u00a1Vuelta al Cole!&#8221;, para la compra de \u00fatiles escolares con Ahora 12, la consultora Kantar Worldpanel inform\u00f3 que el 33% de los hogares declar\u00f3 que optar\u00e1 por reutilizar los productos comprados el a\u00f1o pasado, como s\u00edntoma de la crisis econ\u00f3mica<\/strong><\/em><\/p>\n<p>&nbsp;<\/p>\n<p>&nbsp;<\/p>\n<p>&nbsp;<\/p>\n<p>Desde el jueves 21 al domingo 24 de febrero y desde el 28 de este mes al 3 de marzo, se podr\u00e1n adquirir art\u00edculos de librer\u00eda, libros y manuales en 12 cuotas sin inter\u00e9s, en m\u00e1s de 3.000 comercios adheridos al Ahora 12. C\u00faspide, Yenny-El Ateneo y otras librer\u00edas tambi\u00e9n participar\u00e1n en todas sus tiendas.<\/p>\n<p>En cuanto al relevamiento efectuado por Kantar Worldpanel, un 27% de los hogares consultados afirm\u00f3 que har\u00e1 uso de promociones, seg\u00fan se desprende de la Encuesta Rel\u00e1mpago LinkQ. En tercer lugar, con el 14%, aparece &#8220;cambiar el lugar de compra con el objetivo de ahorrar&#8221;, seguida con un 12% por la elecci\u00f3n de &#8220;financiar las compras en cuotas&#8221;.<\/p>\n<p>&#8220;Todas las acciones tienen un denominador com\u00fan: cuidar el desembolso y ahorrar, el mismo comportamiento que observamos en el gasto de la canasta b\u00e1sica&#8221;, explicaron desde Kantar.<\/p>\n","protected":false},"excerpt":{"rendered":"<p>Mientras el Gobierno anunci\u00f3 ayer la campa\u00f1a &#8220;\u00a1Vuelta al Cole!&#8221;, para la compra de \u00fatiles escolares con Ahora 12, la consultora Kantar Worldpanel inform\u00f3 que el 33% de los hogares declar\u00f3 que optar\u00e1 por reutilizar los productos comprados el a\u00f1o pasado, como s\u00edntoma de la crisis econ\u00f3mica &nbsp; &nbsp; &nbsp; Desde el jueves 21 al domingo 24 de febrero y desde el 28 de este mes al 3 de marzo, se podr\u00e1n adquirir art\u00edculos de librer\u00eda, libros y manuales en 12 cuotas sin inter\u00e9s, en m\u00e1s de 3.000 comercios adheridos&#8230;<\/p>\n","protected":false},"author":3,"featured_media":40043,"comment_status":"closed","ping_status":"closed","sticky":false,"template":"","format":"standard","meta":[],"categories":[2],"tags":[],"_links":{"self":[{"href":"https:\/\/www.actualidadadiario.com\/index.php\/wp-json\/wp\/v2\/posts\/40697"}],"collection":[{"href":"https:\/\/www.actualidadadiario.com\/index.php\/wp-json\/wp\/v2\/posts"}],"about":[{"href":"https:\/\/www.actualidadadiario.com\/index.php\/wp-json\/wp\/v2\/types\/post"}],"author":[{"embeddable":true,"href":"https:\/\/www.actualidadadiario.com\/index.php\/wp-json\/wp\/v2\/users\/3"}],"replies":[{"embeddable":true,"href":"https:\/\/www.actualidadadiario.com\/index.php\/wp-json\/wp\/v2\/comments?post=40697"}],"version-history":[{"count":1,"href":"https:\/\/www.actualidadadiario.com\/index.php\/wp-json\/wp\/v2\/posts\/40697\/revisions"}],"predecessor-version":[{"id":40698,"href":"https:\/\/www.actualidadadiario.com\/index.php\/wp-json\/wp\/v2\/posts\/40697\/revisions\/40698"}],"wp:featuredmedia":[{"embeddable":true,"href":"https:\/\/www.actualidadadiario.com\/index.php\/wp-json\/wp\/v2\/media\/40043"}],"wp:attachment":[{"href":"https:\/\/www.actualidadadiario.com\/index.php\/wp-json\/wp\/v2\/media?parent=40697"}],"wp:term":[{"taxonomy":"category","embeddable":true,"href":"https:\/\/www.actualidadadiario.com\/index.php\/wp-json\/wp\/v2\/categories?post=40697"},{"taxonomy":"post_tag","embeddable":true,"href":"https:\/\/www.actualidadadiario.com\/index.php\/wp-json\/wp\/v2\/tags?post=40697"}],"curies":[{"name":"wp","href":"https:\/\/api.w.org\/{rel}","templated":true}]}}