{"id":40692,"date":"2019-02-19T11:54:30","date_gmt":"2019-02-19T14:54:30","guid":{"rendered":"https:\/\/www.actualidadadiario.com\/?p=40692"},"modified":"2019-05-06T20:56:07","modified_gmt":"2019-05-06T23:56:07","slug":"compra-de-medicamentos-cayo-8-desde-el-inicio-del-ano-por-suba-de-precios","status":"publish","type":"post","link":"https:\/\/www.actualidadadiario.com\/index.php\/2019\/02\/19\/compra-de-medicamentos-cayo-8-desde-el-inicio-del-ano-por-suba-de-precios\/","title":{"rendered":"Compra de medicamentos cay\u00f3 8% desde el inicio del a\u00f1o por suba de precios"},"content":{"rendered":"<p><em><strong>En forma conjunta con la suba del 2,8% en el precio de los alimentos en este mes, los medicamentos ya aumentaron un 8% desde el 1\u00b0 de enero -por encima largamente de la inflaci\u00f3n- y las compras cayeron en igual porcentaje, debido a que la poblaci\u00f3n no utiliza ocho de cada cien recetas por no poder pagar los valores<\/strong><\/em><\/p>\n<p>&nbsp;<\/p>\n<p>&nbsp;<\/p>\n<p>&nbsp;<\/p>\n<p>La baja sustancial del 8% en la adquisici\u00f3n de medicamentos tambi\u00e9n se da en la comparaci\u00f3n entre el 2018 y 2017, y no es solamente en las farmacias sino tambi\u00e9n en las compras mayoristas de los hospitales p\u00fablicos y cl\u00ednicas. El presidente del Colegio de Farmac\u00e9uticos y Bioqu\u00edmicos de Capital Federal, Rub\u00e9n Sajem, se\u00f1al\u00f3 que si se mide diciembre pasado contra diciembre del 2017, la ca\u00edda en la venta de las farmacias es del 8,6% (7,14% en el caso de remedios recetados y 12,97%, venta libre). &#8220;Un 8% de ca\u00edda en las compras en farmacias equivale a un mill\u00f3n de unidades menos. Es mucho&#8221;, consider\u00f3 Sajem.<\/p>\n<p>En tanto, el secretario general del Sindicato Argentino de Farmac\u00e9uticos y Bioqu\u00edmicos, Marcelo Peretta, afirm\u00f3 a este medio que el descenso del 8% el a\u00f1o pasado &#8220;abarca adem\u00e1s de las farmacias, a las instituciones hospitalarias. Contabilizando todas las compras a nivel nacional, existen 3 millones de recetas ca\u00eddas (que no llegaron a usarse) y 600 millones de d\u00f3lares menos de facturaci\u00f3n, todo en 2018&#8221;.<\/p>\n<p>Asimismo, Peretta dijo que la venta libre de productos incluye a los supermercados, donde tambi\u00e9n se not\u00f3 la baja. &#8220;Es evidente que sigue la fiesta. Los aumentos de medicamentos en los \u00faltimos tres a\u00f1os llegan al 340 por ciento, contra un 158% de inflaci\u00f3n. Est\u00e1n desbocados y es un esc\u00e1ndalo&#8221;, sentenci\u00f3. Las remarcaciones en este sector se vuelven m\u00e1s elocuentes cuando la comparaci\u00f3n es entre diciembre de 2015 y enero de 2019. Peretta detall\u00f3 que los analg\u00e9sicos subieron un 733%; ansiol\u00edticos, 705%; anti\u00e1cidos, 686%; antihipertensivos, 658%; vitam\u00ednicos, 642%; y antibi\u00f3ticos, 406 por ciento.<\/p>\n<p>Para completar el cuadro de situaci\u00f3n, entre diciembre de 2018 e igual mes de 2017, de acuerdo con la informaci\u00f3n del Colegio profesional, los vitam\u00ednicos (reconstituyentes) se incrementaron un 110%; anticoagulantes, 105%; medicamentos para tiroides, 96%; asma, 77%; diur\u00e9ticos, 65%; antihipertensivos, 63%, y contra la diabetes, 53 por ciento. En cuanto al segmento de &#8220;uso habitual&#8221;, los analg\u00e9sicos se dispararon un 75%; antiespasm\u00f3dicos, 67%; y los anticonceptivos, 54%, entre algunos ejemplos.<\/p>\n<p>&nbsp;<\/p>\n<p><strong>Alarma sectorial<\/strong><\/p>\n<p>El Colegio Oficial de Farmac\u00e9uticos y Bioqu\u00edmicos de la Capital Federal expres\u00f3 en forma reciente que &#8220;los farmac\u00e9uticos hemos manifestado nuestra preocupaci\u00f3n, ya que se podr\u00eda producir la interrupci\u00f3n de tratamientos de enfermedades cr\u00f3nicas por parte de los pacientes, por dificultades de acceso a los medicamentos por razones econ\u00f3micas&#8221;.<\/p>\n<p>El secretario general del sindicato analiz\u00f3 que &#8220;la irracionalidad de los precios es un grave problema de salud p\u00fablica. Todo qued\u00f3 librado al mercado y los grandes laboratorios aumentan lo que quieren. Nadie los controla&#8221;. Como consecuencia de la recesi\u00f3n econ\u00f3mica que provoca una menor compra de medicaci\u00f3n, &#8220;se agravan los problemas de salud, con un aumento de la mortalidad y obviamente un aumento de las consultas, las internaciones&#8221;, a\u00f1adi\u00f3 Peretta.<\/p>\n<p>En diciembre \u00faltimo, un informe sectorial de la Universidad Nacional de Avellaneda (UNDAV) puso \u00e9nfasis en que la situaci\u00f3n actual del mercado argentino &#8220;constituye un claro factor de perjuicio para un estrato de la poblaci\u00f3n -en especial adultos mayores- que muchas veces se ven imposibilitados de hacer frente a los incrementos, en un contexto macroecon\u00f3mico en donde la inflaci\u00f3n no da tregua y, en particular, en un entorno en el cual aumentaron notablemente, adem\u00e1s, los precios de los servicios p\u00fablicos y los alimentos&#8221;.<\/p>\n","protected":false},"excerpt":{"rendered":"<p>En forma conjunta con la suba del 2,8% en el precio de los alimentos en este mes, los medicamentos ya aumentaron un 8% desde el 1\u00b0 de enero -por encima largamente de la inflaci\u00f3n- y las compras cayeron en igual porcentaje, debido a que la poblaci\u00f3n no utiliza ocho de cada cien recetas por no poder pagar los valores &nbsp; &nbsp; &nbsp; La baja sustancial del 8% en la adquisici\u00f3n de medicamentos tambi\u00e9n se da en la comparaci\u00f3n entre el 2018 y 2017, y no es solamente en las farmacias&#8230;<\/p>\n","protected":false},"author":3,"featured_media":40693,"comment_status":"closed","ping_status":"closed","sticky":false,"template":"","format":"standard","meta":[],"categories":[2],"tags":[],"_links":{"self":[{"href":"https:\/\/www.actualidadadiario.com\/index.php\/wp-json\/wp\/v2\/posts\/40692"}],"collection":[{"href":"https:\/\/www.actualidadadiario.com\/index.php\/wp-json\/wp\/v2\/posts"}],"about":[{"href":"https:\/\/www.actualidadadiario.com\/index.php\/wp-json\/wp\/v2\/types\/post"}],"author":[{"embeddable":true,"href":"https:\/\/www.actualidadadiario.com\/index.php\/wp-json\/wp\/v2\/users\/3"}],"replies":[{"embeddable":true,"href":"https:\/\/www.actualidadadiario.com\/index.php\/wp-json\/wp\/v2\/comments?post=40692"}],"version-history":[{"count":1,"href":"https:\/\/www.actualidadadiario.com\/index.php\/wp-json\/wp\/v2\/posts\/40692\/revisions"}],"predecessor-version":[{"id":40694,"href":"https:\/\/www.actualidadadiario.com\/index.php\/wp-json\/wp\/v2\/posts\/40692\/revisions\/40694"}],"wp:featuredmedia":[{"embeddable":true,"href":"https:\/\/www.actualidadadiario.com\/index.php\/wp-json\/wp\/v2\/media\/40693"}],"wp:attachment":[{"href":"https:\/\/www.actualidadadiario.com\/index.php\/wp-json\/wp\/v2\/media?parent=40692"}],"wp:term":[{"taxonomy":"category","embeddable":true,"href":"https:\/\/www.actualidadadiario.com\/index.php\/wp-json\/wp\/v2\/categories?post=40692"},{"taxonomy":"post_tag","embeddable":true,"href":"https:\/\/www.actualidadadiario.com\/index.php\/wp-json\/wp\/v2\/tags?post=40692"}],"curies":[{"name":"wp","href":"https:\/\/api.w.org\/{rel}","templated":true}]}}