{"id":4067,"date":"2016-11-07T10:36:54","date_gmt":"2016-11-07T13:36:54","guid":{"rendered":"http:\/\/actualidadadiario.com\/site\/?p=4067"},"modified":"2016-11-07T10:36:54","modified_gmt":"2016-11-07T13:36:54","slug":"entra-en-la-recta-final-el-jubileo-de-la-misericordia","status":"publish","type":"post","link":"https:\/\/www.actualidadadiario.com\/index.php\/2016\/11\/07\/entra-en-la-recta-final-el-jubileo-de-la-misericordia\/","title":{"rendered":"Entra en la recta final el Jubileo de la Misericordia"},"content":{"rendered":"<p><em><strong>Con m\u00e1s de 20 millones de participantes desde el 8 de diciembre s\u00f3lo en Roma, el Jubileo Extraordinario de la Misericordia convocado por el papa Francisco hasta el 20 de noviembre ingresa en su etapa final<\/strong><\/em><\/p>\n<p>&nbsp;<\/p>\n<p>&nbsp;<\/p>\n<p>&nbsp;<\/p>\n<p>&nbsp;<\/p>\n<p>&nbsp;<\/p>\n<p>&#8220;Fueron m\u00e1s de 20 millones los participantes de las actividades del Jubileo hasta este lunes, s\u00f3lo considerando las actividades en Roma&#8221;, asegur\u00f3 a T\u00e9lam el responsable del A\u00f1o Santo y Presidente del Pontificio Consejo para la Promoci\u00f3n de la Nueva Evangelizaci\u00f3n, Rino Fisichella.<\/p>\n<p>&nbsp;<\/p>\n<p>Fisichella se refiri\u00f3 tanto a los fieles que participaron de las tradicionales audiencias de d\u00edas mi\u00e9rcoles y de las especiales de s\u00e1bado en la Plaza San Pedro como los peregrinos que asistieron a los \u00c1ngelus de papa Francisco.<\/p>\n<p>&nbsp;<\/p>\n<p>Tambi\u00e9n est\u00e1n considerados en ese n\u00famero los millones que atravesaron las puertas santas de alguna de las cuatro bas\u00edlicas papales de la capital italiana: San Pedro, San Pablo Extramuros, San Juan Letr\u00e1n y Santa Mar\u00eda Mayor.<\/p>\n<p>&nbsp;<\/p>\n<p>En esa l\u00ednea, este lunes la oficina de celebraciones lit\u00fargicas del Vaticano dio a conocer el cronograma de cierre de las puertas santas de tres de ellas: ser\u00e1 el pr\u00f3ximo domingo 13 de noviembre, a las 17 hora local (13 de Argentina) en San Pablo Extramuros; a las 17.30 hora local en San Juan Letr\u00e1n, y a las 18 hora local en Santa Mar\u00eda Mayor.<\/p>\n<p>&nbsp;<\/p>\n<p>Ese mismo d\u00eda est\u00e1n previstos los cierres en el resto de las iglesias del mundo en las que, de manera extraordinaria y por pedido de Francisco para &#8220;descentralizar&#8221; la participaci\u00f3n de los fieles, se abrieron puertas santas.<\/p>\n<p>&nbsp;<\/p>\n<p>En la Bas\u00edlica de San Pedro, donde inici\u00f3 el Jubileo el 8 de diciembre con una ceremonia para m\u00e1s de 100 mil personas, ser\u00e1 el propio papa Francisco quien cierre la puerta santa el domingo 20 de noviembre.<\/p>\n<p>&nbsp;<\/p>\n<p>En tanto, despu\u00e9s de un a\u00f1o lleno de &#8220;jubileos tem\u00e1ticos&#8221; con actividades especiales para presos, periodistas y enfermos, entre otros, el \u00faltimo jubileo que se vivir\u00e1 en Roma, el fin de semana del 11 al 13 de noviembre, ser\u00e1 el de las &#8220;personas socialmente excluidas&#8221;, agreg\u00f3 Fisichella.<\/p>\n<p>&nbsp;<\/p>\n<p>Si bien la inauguraci\u00f3n formal de este A\u00f1o Santo hab\u00eda sido en San Pedro, el inicio simb\u00f3lico del Jubileo fue el 29 de noviembre en Bangui, Rep\u00fablica Centroafricana, donde Francisco decidi\u00f3 abrir la puerta santa en medio de un viaje por \u00c1frica.<\/p>\n","protected":false},"excerpt":{"rendered":"<p>Con m\u00e1s de 20 millones de participantes desde el 8 de diciembre s\u00f3lo en Roma, el Jubileo Extraordinario de la Misericordia convocado por el papa Francisco hasta el 20 de noviembre ingresa en su etapa final &nbsp; &nbsp; &nbsp; &nbsp; &nbsp; &#8220;Fueron m\u00e1s de 20 millones los participantes de las actividades del Jubileo hasta este lunes, s\u00f3lo considerando las actividades en Roma&#8221;, asegur\u00f3 a T\u00e9lam el responsable del A\u00f1o Santo y Presidente del Pontificio Consejo para la Promoci\u00f3n de la Nueva Evangelizaci\u00f3n, Rino Fisichella. &nbsp; Fisichella se refiri\u00f3 tanto a&#8230;<\/p>\n","protected":false},"author":3,"featured_media":4068,"comment_status":"closed","ping_status":"closed","sticky":false,"template":"","format":"standard","meta":[],"categories":[4],"tags":[],"_links":{"self":[{"href":"https:\/\/www.actualidadadiario.com\/index.php\/wp-json\/wp\/v2\/posts\/4067"}],"collection":[{"href":"https:\/\/www.actualidadadiario.com\/index.php\/wp-json\/wp\/v2\/posts"}],"about":[{"href":"https:\/\/www.actualidadadiario.com\/index.php\/wp-json\/wp\/v2\/types\/post"}],"author":[{"embeddable":true,"href":"https:\/\/www.actualidadadiario.com\/index.php\/wp-json\/wp\/v2\/users\/3"}],"replies":[{"embeddable":true,"href":"https:\/\/www.actualidadadiario.com\/index.php\/wp-json\/wp\/v2\/comments?post=4067"}],"version-history":[{"count":1,"href":"https:\/\/www.actualidadadiario.com\/index.php\/wp-json\/wp\/v2\/posts\/4067\/revisions"}],"predecessor-version":[{"id":4069,"href":"https:\/\/www.actualidadadiario.com\/index.php\/wp-json\/wp\/v2\/posts\/4067\/revisions\/4069"}],"wp:featuredmedia":[{"embeddable":true,"href":"https:\/\/www.actualidadadiario.com\/index.php\/wp-json\/wp\/v2\/media\/4068"}],"wp:attachment":[{"href":"https:\/\/www.actualidadadiario.com\/index.php\/wp-json\/wp\/v2\/media?parent=4067"}],"wp:term":[{"taxonomy":"category","embeddable":true,"href":"https:\/\/www.actualidadadiario.com\/index.php\/wp-json\/wp\/v2\/categories?post=4067"},{"taxonomy":"post_tag","embeddable":true,"href":"https:\/\/www.actualidadadiario.com\/index.php\/wp-json\/wp\/v2\/tags?post=4067"}],"curies":[{"name":"wp","href":"https:\/\/api.w.org\/{rel}","templated":true}]}}