{"id":40651,"date":"2019-02-18T11:34:05","date_gmt":"2019-02-18T14:34:05","guid":{"rendered":"https:\/\/www.actualidadadiario.com\/?p=40651"},"modified":"2019-05-06T20:54:20","modified_gmt":"2019-05-06T23:54:20","slug":"en-el-inicio-de-su-actividad-en-india-macri-rindio-homenaje-a-gandhi","status":"publish","type":"post","link":"https:\/\/www.actualidadadiario.com\/index.php\/2019\/02\/18\/en-el-inicio-de-su-actividad-en-india-macri-rindio-homenaje-a-gandhi\/","title":{"rendered":"En el inicio de su actividad en India, Macri rindi\u00f3 homenaje a Gandhi"},"content":{"rendered":"<p><em><strong>El Presidente asisti\u00f3 junto a su esposa al lugar donde descansan los restos del l\u00edder del nacionalismo indio y principal art\u00edfice de la independencia de su pa\u00eds. Ayer se reuni\u00f3 con empresarios<\/strong><\/em><\/p>\n<p>&nbsp;<\/p>\n<p>&nbsp;<\/p>\n<p>&nbsp;<\/p>\n<p>El presidente Mauricio Macri rindi\u00f3 homenaje durante su gira por India al Mahatma Gandhi, l\u00edder del nacionalismo indio y principal art\u00edfice de la independencia de su pa\u00eds efectivizada en 1947, un a\u00f1o antes de su asesinato.<\/p>\n<p>Macri lleg\u00f3 a media ma\u00f1ana (hora local) junto a la Primera Dama, Juliana Awada, y su comitiva al Memorial Mahatma Gandhi, ubicado a unos cinco kil\u00f3metros de su lugar de alojamiento en Nueva Delhi.<\/p>\n<p>Tras los saludos protocolares, el Presidente y su esposa camin\u00f3 unos 70 metros, se descalzaron y rindieron tributo colocando una ofrenda en el monumento, que se\u00f1ala el punto en que tuvo lugar la cremaci\u00f3n del cad\u00e1ver de Gandhi el 31 de enero de 1948.<\/p>\n<p>Se trata de una pira funeraria de m\u00e1rmol negro presidida por una llama eterna en un cuadrado protegido por una pared de un metro de altura aproximadamente, inform\u00f3 Presidencia en un comunicado.<\/p>\n<p>Los visitantes rinden homenaje desde el exterior de ese recinto, pero el presidente y la Primera Dama ingresaron y cumplieron la ceremonia desde un lugar privilegiado.<\/p>\n<p>El Presidente toc\u00f3 la ofrenda, de acuerdo con el tradicional ritual, hubo un minuto de silencio, dio la vuelta alrededor de la pira y luego arroj\u00f3 p\u00e9talos ese punto hist\u00f3rico.<\/p>\n<p>Conocido como Mahatma Gandhi, Mohandas Karamchand Gandhi fue la figura m\u00e1s relevante de la escena pol\u00edtica y social de la India durante la primera mitad del siglo XX.<\/p>\n<p>Fue el dirigente m\u00e1s destacado del Movimiento de independencia indio contra el Raj brit\u00e1nico, para lo que practic\u00f3 la desobediencia civil no violenta. La independencia fue declarada en 1947 y formalizada con la constituci\u00f3n elaborada entre 1948 y 1949.<\/p>\n<p>Gandhi luch\u00f3 incansablemente por la unidad de su pa\u00eds entre hind\u00faes y musulmanes, pero en eso no pudo lograr su cometido. Esa convivencia qued\u00f3 trunca con la violencia que acompa\u00f1\u00f3 el nacimiento de la Uni\u00f3n India y Pakist\u00e1n.<\/p>\n<p>El Mahatma Gandhi fue asesinado a los 78 a\u00f1os por un radical hinduista el 30 de enero de 1948. Un d\u00eda despu\u00e9s sus restos fueron cremados en el lugar en que hoy se levanta el monumento.<\/p>\n<p>&nbsp;<\/p>\n<p><strong>Macri con empresarios<\/strong><\/p>\n<p>Ayer, el Presidente se reuni\u00f3 con los empresarios que acompa\u00f1an su visita oficial a la Rep\u00fablica de la India y asever\u00f3 que para crecer y generar empleo es necesario \u201ccuidar el gasto y no inventar impuestos\u201d.<\/p>\n","protected":false},"excerpt":{"rendered":"<p>El Presidente asisti\u00f3 junto a su esposa al lugar donde descansan los restos del l\u00edder del nacionalismo indio y principal art\u00edfice de la independencia de su pa\u00eds. Ayer se reuni\u00f3 con empresarios &nbsp; &nbsp; &nbsp; El presidente Mauricio Macri rindi\u00f3 homenaje durante su gira por India al Mahatma Gandhi, l\u00edder del nacionalismo indio y principal art\u00edfice de la independencia de su pa\u00eds efectivizada en 1947, un a\u00f1o antes de su asesinato. Macri lleg\u00f3 a media ma\u00f1ana (hora local) junto a la Primera Dama, Juliana Awada, y su comitiva al Memorial&#8230;<\/p>\n","protected":false},"author":3,"featured_media":40652,"comment_status":"closed","ping_status":"closed","sticky":false,"template":"","format":"standard","meta":[],"categories":[18],"tags":[],"_links":{"self":[{"href":"https:\/\/www.actualidadadiario.com\/index.php\/wp-json\/wp\/v2\/posts\/40651"}],"collection":[{"href":"https:\/\/www.actualidadadiario.com\/index.php\/wp-json\/wp\/v2\/posts"}],"about":[{"href":"https:\/\/www.actualidadadiario.com\/index.php\/wp-json\/wp\/v2\/types\/post"}],"author":[{"embeddable":true,"href":"https:\/\/www.actualidadadiario.com\/index.php\/wp-json\/wp\/v2\/users\/3"}],"replies":[{"embeddable":true,"href":"https:\/\/www.actualidadadiario.com\/index.php\/wp-json\/wp\/v2\/comments?post=40651"}],"version-history":[{"count":1,"href":"https:\/\/www.actualidadadiario.com\/index.php\/wp-json\/wp\/v2\/posts\/40651\/revisions"}],"predecessor-version":[{"id":40653,"href":"https:\/\/www.actualidadadiario.com\/index.php\/wp-json\/wp\/v2\/posts\/40651\/revisions\/40653"}],"wp:featuredmedia":[{"embeddable":true,"href":"https:\/\/www.actualidadadiario.com\/index.php\/wp-json\/wp\/v2\/media\/40652"}],"wp:attachment":[{"href":"https:\/\/www.actualidadadiario.com\/index.php\/wp-json\/wp\/v2\/media?parent=40651"}],"wp:term":[{"taxonomy":"category","embeddable":true,"href":"https:\/\/www.actualidadadiario.com\/index.php\/wp-json\/wp\/v2\/categories?post=40651"},{"taxonomy":"post_tag","embeddable":true,"href":"https:\/\/www.actualidadadiario.com\/index.php\/wp-json\/wp\/v2\/tags?post=40651"}],"curies":[{"name":"wp","href":"https:\/\/api.w.org\/{rel}","templated":true}]}}