{"id":40648,"date":"2019-02-18T11:33:08","date_gmt":"2019-02-18T14:33:08","guid":{"rendered":"https:\/\/www.actualidadadiario.com\/?p=40648"},"modified":"2019-05-06T20:56:20","modified_gmt":"2019-05-06T23:56:20","slug":"cae-mac-allister-y-macri-pierde-la-primera-interna-de-cambiemos","status":"publish","type":"post","link":"https:\/\/www.actualidadadiario.com\/index.php\/2019\/02\/18\/cae-mac-allister-y-macri-pierde-la-primera-interna-de-cambiemos\/","title":{"rendered":"Cae Mac Allister y Macri pierde la primera interna de Cambiemos"},"content":{"rendered":"<p><strong><em>El diputado del PRO perdi\u00f3 por casi 30 puntos la candidatura a gobernador de La Pampa, ante el radical Daniel Kroneberger. En Santa Rosa gan\u00f3 el candidato de Cristina<\/em><\/strong><\/p>\n<p>&nbsp;<\/p>\n<p>&nbsp;<\/p>\n<p>&nbsp;<\/p>\n<p>El n\u00facleo duro de la Casa Rosada inaugur\u00f3 el a\u00f1o pol\u00edtico con una derrota. El radical Daniel Kroneberger le arrebat\u00f3 la candidatura a gobernador de La Pampa al diputado Carlos Mac Allister, miembro fundador del PRO y ex secretario de Deportes del gobierno de Macri. Con la mitad de las mesas escrutadas el postulante radical se impon\u00eda al ex diputado por 64% contra 36%.<\/p>\n<p>En el PRO a\u00fan no se explican si su candidato fue arrastrado por los vaivenes de la econom\u00eda o por la falta de recursos, pero reconocen que la imagen de Macri en La Pampa se desplom\u00f3. &#8220;Los que estamos cerca del Presidente podemos tener una elecci\u00f3n complicada&#8221;, hab\u00eda admitido el ex jugador por la ma\u00f1ana.<\/p>\n<p>Seg\u00fan se pudo saber desde el equipo pol\u00edtico que conduce Marcos Pe\u00f1a hicieron pocos esfuerzos por revertir una tendencia que conoc\u00edan al menos desde hace un mes y medio, dejando as\u00ed que se consolide un resultado que da\u00f1a el liderazgo pol\u00edtico de Macri, ya que Mac Allister no es un dirigente m\u00e1s. &#8220;El Colorado&#8221; es un \u00eddolo popular de Boca y conoce a Macri desde que era jugador de ese club. De hecho, fue uno uno de los primeros futbolistas en dar el salto a la pol\u00edtica. Fue diputado desde 2013 y en 2015 renunci\u00f3 a su banca para manejar la extinta Secretar\u00eda de Deportes de la Naci\u00f3n.<\/p>\n<p>La UCR conserva una importante estructura en la provincia y a pesar de haber perdido a su candidato Juan Carlos Marino, denunciado por acoso, pudo imponerse gracias a sus comit\u00e9s locales.<\/p>\n<p>El resultado es doblemente malo para Macri porque el radicalismo pampeano es de los m\u00e1s refractarios a su gobierno. &#8220;Jam\u00e1s defendieron una medida del Gobierno&#8221;, se quejan en la Casa Rosada.<\/p>\n<p>Pero no fue la \u00fanica sorpresa que entreg\u00f3 La Pampa. En las primarias peronistas para intendente de la capital provincial, dio el batacazo Luciano di Napoli, el candidato de Cristina Kirchner, que se impuso al peronista Jorge Lezcano, alineado con el gobernador Carlos Verna.<\/p>\n<p>&#8220;Ganamos, estamos muy contentos, muy felices, la construcci\u00f3n de Unidad Ciudadana es muy amplia, la gente quer\u00eda hacer una modificaci\u00f3n de Santa Rosa: acabo de hablar con Cristina, est\u00e1 profundamente emocionada&#8221;, dijo Di N\u00e1poli a los periodistas que cubr\u00edan la primaria<\/p>\n<p>En el peronismo la pelea se limit\u00f3 a nivel de intendencias, ya que se alcanz\u00f3 un acuerdo de unidad y lleva como candidato a gobernador al diputado nacional Sergio Ziliotto. En el Gobierno no descartaban que los peronistas hayan mandado a votar contra Mac Allister, conscientes del da\u00f1o pol\u00edtico que su ca\u00edda le iba a causar a Macri. Si fue as\u00ed, tuvieron \u00e9xito.<\/p>\n","protected":false},"excerpt":{"rendered":"<p>El diputado del PRO perdi\u00f3 por casi 30 puntos la candidatura a gobernador de La Pampa, ante el radical Daniel Kroneberger. En Santa Rosa gan\u00f3 el candidato de Cristina &nbsp; &nbsp; &nbsp; El n\u00facleo duro de la Casa Rosada inaugur\u00f3 el a\u00f1o pol\u00edtico con una derrota. El radical Daniel Kroneberger le arrebat\u00f3 la candidatura a gobernador de La Pampa al diputado Carlos Mac Allister, miembro fundador del PRO y ex secretario de Deportes del gobierno de Macri. Con la mitad de las mesas escrutadas el postulante radical se impon\u00eda al&#8230;<\/p>\n","protected":false},"author":3,"featured_media":40649,"comment_status":"closed","ping_status":"closed","sticky":false,"template":"","format":"standard","meta":[],"categories":[18],"tags":[],"_links":{"self":[{"href":"https:\/\/www.actualidadadiario.com\/index.php\/wp-json\/wp\/v2\/posts\/40648"}],"collection":[{"href":"https:\/\/www.actualidadadiario.com\/index.php\/wp-json\/wp\/v2\/posts"}],"about":[{"href":"https:\/\/www.actualidadadiario.com\/index.php\/wp-json\/wp\/v2\/types\/post"}],"author":[{"embeddable":true,"href":"https:\/\/www.actualidadadiario.com\/index.php\/wp-json\/wp\/v2\/users\/3"}],"replies":[{"embeddable":true,"href":"https:\/\/www.actualidadadiario.com\/index.php\/wp-json\/wp\/v2\/comments?post=40648"}],"version-history":[{"count":1,"href":"https:\/\/www.actualidadadiario.com\/index.php\/wp-json\/wp\/v2\/posts\/40648\/revisions"}],"predecessor-version":[{"id":40650,"href":"https:\/\/www.actualidadadiario.com\/index.php\/wp-json\/wp\/v2\/posts\/40648\/revisions\/40650"}],"wp:featuredmedia":[{"embeddable":true,"href":"https:\/\/www.actualidadadiario.com\/index.php\/wp-json\/wp\/v2\/media\/40649"}],"wp:attachment":[{"href":"https:\/\/www.actualidadadiario.com\/index.php\/wp-json\/wp\/v2\/media?parent=40648"}],"wp:term":[{"taxonomy":"category","embeddable":true,"href":"https:\/\/www.actualidadadiario.com\/index.php\/wp-json\/wp\/v2\/categories?post=40648"},{"taxonomy":"post_tag","embeddable":true,"href":"https:\/\/www.actualidadadiario.com\/index.php\/wp-json\/wp\/v2\/tags?post=40648"}],"curies":[{"name":"wp","href":"https:\/\/api.w.org\/{rel}","templated":true}]}}