{"id":40642,"date":"2019-02-18T11:31:32","date_gmt":"2019-02-18T14:31:32","guid":{"rendered":"https:\/\/www.actualidadadiario.com\/?p=40642"},"modified":"2019-05-06T20:55:07","modified_gmt":"2019-05-06T23:55:07","slug":"el-gobierno-impulsa-la-creacion-de-un-registro-de-adn-de-delincuentes","status":"publish","type":"post","link":"https:\/\/www.actualidadadiario.com\/index.php\/2019\/02\/18\/el-gobierno-impulsa-la-creacion-de-un-registro-de-adn-de-delincuentes\/","title":{"rendered":"El Gobierno impulsa la creaci\u00f3n de un registro de ADN de delincuentes"},"content":{"rendered":"<p><em><strong>Lo anunci\u00f3 la ministra de Seguridad Patricia Bullrich, quien tambi\u00e9n anticip\u00f3 que esta medida se va a reforzar con una reforma del C\u00f3digo Penal<\/strong><\/em><\/p>\n<p>&nbsp;<\/p>\n<p>&nbsp;<\/p>\n<p>&nbsp;<\/p>\n<p>El Gobierno sigue adelante con el proyecto que busca que se sustraiga una muestra de ADN a todas las personas que cometen delitos dolosos. La ministra de Seguridad, Patricia Bullrich, confirm\u00f3 que este a\u00f1o se impulsar\u00e1 la creaci\u00f3n de un registro de la informaci\u00f3n gen\u00e9tica de \u201ctodos los delincuentes\u201d.<\/p>\n<p>Desde principios de a\u00f1o que la Casa Rosada implementa medidas en materia de seguridad, como la adquisici\u00f3n de pistolas Taser, la intenci\u00f3n de deportar a extranjeros que delinquen en el pa\u00eds y la baja de la edad de imputabilidad. Ahora, el Gobierno volvi\u00f3 a poner el foco en el proyecto que busca que se tome una muestra de ADN a todas las personas que cometen delitos dolosos, es decir, con intenci\u00f3n.<\/p>\n<p>En Mar del Plata en un operativo de la Prefectura Naval Argentina, Bullrich explic\u00f3 que se va a impulsar la creaci\u00f3n de un registro de ADN de delincuentes con tecnolog\u00eda aportada por el FBI. La ministra precis\u00f3 que esta medida se va a reforzar con una reforma del C\u00f3digo Penal para endurecer las penas de \u201ctodos los delitos dolosos\u201d, especialmente en los robos calificados, homicidios, casos de violaci\u00f3n y de narcotr\u00e1fico.<\/p>\n<p>\u201cNosotros ya tenemos el registro de ADN de violadores, que se hab\u00eda votado hace como cinco a\u00f1os.Nosotros lo reglamentamos, porque no estaba reglamentado y no estaba efectivo. Hoy ya comenzaron a tomarse las muestras a todos los que han cometido violaci\u00f3n y abuso sexual en todas las c\u00e1rceles del pa\u00eds. Y ahora presentamos un proyecto para que en los casos de todos los que cometen delitos se les tome muestra de ADN\u201c, consign\u00f3 Bullrich en declaraciones reproducidas por el sitio La Capital.<\/p>\n<p>Seg\u00fan la ministra, la informaci\u00f3n gen\u00e9tica se va a extraer \u201cen todos los delitos que no son culposos\u201d. Bullrich explic\u00f3 que el Gobierno ya cuenta con la tecnolog\u00eda para elaborar la base de datos, que se obtuvo \u201csin costo\u201d del FBI. La funcionaria cree que este sistema \u201cpodr\u00eda funcionar muy bien\u201d seg\u00fan las experiencias de otros pa\u00edses y que se podr\u00eda usar para identificar a delincuentes a partir del material gen\u00e9tico que se consiga en una escena de un crimen con un \u201c99% de efectividad\u201d.<\/p>\n<p>Esta medida vendr\u00eda acompa\u00f1ada de una reforma profunda del C\u00f3digo Penal, seg\u00fan anticip\u00f3 la ministra. El anuncio formal, sin embargo, lo realizar\u00eda el presidente, Mauricio Macri, durante su discurso en la apertura de las sesiones ordinarias en el Congreso en marzo.<\/p>\n<p>\u201cCreemos que es muy importante la reforma del C\u00f3digo Penal, es una de los puntos de la reforma que hemos hecho integral de la Seguridad, cambiando un modelo donde antes el victimario estaba en el centro y ahora la v\u00edctima y la sociedad est\u00e1n en el centro de nuestras preocupaciones\u201d, sostuvo la funcionaria.<\/p>\n","protected":false},"excerpt":{"rendered":"<p>Lo anunci\u00f3 la ministra de Seguridad Patricia Bullrich, quien tambi\u00e9n anticip\u00f3 que esta medida se va a reforzar con una reforma del C\u00f3digo Penal &nbsp; &nbsp; &nbsp; El Gobierno sigue adelante con el proyecto que busca que se sustraiga una muestra de ADN a todas las personas que cometen delitos dolosos. La ministra de Seguridad, Patricia Bullrich, confirm\u00f3 que este a\u00f1o se impulsar\u00e1 la creaci\u00f3n de un registro de la informaci\u00f3n gen\u00e9tica de \u201ctodos los delincuentes\u201d. Desde principios de a\u00f1o que la Casa Rosada implementa medidas en materia de seguridad,&#8230;<\/p>\n","protected":false},"author":3,"featured_media":40643,"comment_status":"closed","ping_status":"closed","sticky":false,"template":"","format":"standard","meta":[],"categories":[18],"tags":[],"_links":{"self":[{"href":"https:\/\/www.actualidadadiario.com\/index.php\/wp-json\/wp\/v2\/posts\/40642"}],"collection":[{"href":"https:\/\/www.actualidadadiario.com\/index.php\/wp-json\/wp\/v2\/posts"}],"about":[{"href":"https:\/\/www.actualidadadiario.com\/index.php\/wp-json\/wp\/v2\/types\/post"}],"author":[{"embeddable":true,"href":"https:\/\/www.actualidadadiario.com\/index.php\/wp-json\/wp\/v2\/users\/3"}],"replies":[{"embeddable":true,"href":"https:\/\/www.actualidadadiario.com\/index.php\/wp-json\/wp\/v2\/comments?post=40642"}],"version-history":[{"count":1,"href":"https:\/\/www.actualidadadiario.com\/index.php\/wp-json\/wp\/v2\/posts\/40642\/revisions"}],"predecessor-version":[{"id":40644,"href":"https:\/\/www.actualidadadiario.com\/index.php\/wp-json\/wp\/v2\/posts\/40642\/revisions\/40644"}],"wp:featuredmedia":[{"embeddable":true,"href":"https:\/\/www.actualidadadiario.com\/index.php\/wp-json\/wp\/v2\/media\/40643"}],"wp:attachment":[{"href":"https:\/\/www.actualidadadiario.com\/index.php\/wp-json\/wp\/v2\/media?parent=40642"}],"wp:term":[{"taxonomy":"category","embeddable":true,"href":"https:\/\/www.actualidadadiario.com\/index.php\/wp-json\/wp\/v2\/categories?post=40642"},{"taxonomy":"post_tag","embeddable":true,"href":"https:\/\/www.actualidadadiario.com\/index.php\/wp-json\/wp\/v2\/tags?post=40642"}],"curies":[{"name":"wp","href":"https:\/\/api.w.org\/{rel}","templated":true}]}}