{"id":4061,"date":"2016-11-07T10:23:23","date_gmt":"2016-11-07T13:23:23","guid":{"rendered":"http:\/\/actualidadadiario.com\/site\/?p=4061"},"modified":"2016-11-07T10:23:23","modified_gmt":"2016-11-07T13:23:23","slug":"el-gobierno-admite-que-es-muy-grave-la-situacion-de-violencia-contra-las-mujeres","status":"publish","type":"post","link":"https:\/\/www.actualidadadiario.com\/index.php\/2016\/11\/07\/el-gobierno-admite-que-es-muy-grave-la-situacion-de-violencia-contra-las-mujeres\/","title":{"rendered":"El Gobierno admite que es &#8220;muy grave&#8221; la situaci\u00f3n de violencia contra las mujeres"},"content":{"rendered":"<p><em><strong>Aunque adelant\u00f3 que se tomar\u00e1n medidas para prevenir estos casos, la ministra Bullrich se refiri\u00f3 a dos hechos graves ocurridos en Entre R\u00edos y se\u00f1al\u00f3 que &#8220;hay una situaci\u00f3n de enorme violencia contra las mujeres&#8221;<\/strong><\/em><\/p>\n<p>&nbsp;<\/p>\n<p>&nbsp;<\/p>\n<p>&nbsp;<\/p>\n<p>&nbsp;<\/p>\n<p>Durante la madrugada de este lunes, Juan Pablo Ledesma (29) mat\u00f3 a cuchilladas a su ex pareja, a sus dos hijas y al novio de la mujer, en la ciudad entrerriana de Concepci\u00f3n del Uruguay. Durante el fin de semana, un prefecto mataba a dos ex parejas suyas en la tambi\u00e9n entrerriana localidad de Paran\u00e1.<\/p>\n<p>&nbsp;<\/p>\n<p>A prop\u00f3sito de esos hechos, la ministra de Seguridad, Patricia Bullrich, admiti\u00f3 que es &#8220;muy grave&#8221; la situaci\u00f3n que se vive en el pa\u00eds con respecto a la violencia contra las mujeres. &#8220;Es un tema muy serio, muy grave. Hay una situaci\u00f3n de enorme violencia contra las mujeres&#8221;, complet\u00f3.<\/p>\n<p>&nbsp;<\/p>\n<p>En declaraciones por radio La Red, la funcionaria afirm\u00f3 que no se puede establecer si han aumentado los casos de violencia de g\u00e9nero ya que la estad\u00edstica &#8220;es muy nueva&#8221; y que, antes, este tipo de cr\u00edmenes &#8220;se catalogaban&#8221; de otra manera.<\/p>\n<p>&nbsp;<\/p>\n<p>Bullrich apunt\u00f3 al sistema judicial al se\u00f1alar que hay &#8220;muchos jueces que ponderan de una manera muy laxa&#8221; una causa por violencia de g\u00e9nero, &#8220;y despu\u00e9s ya se sabe c\u00f3mo termina&#8221;.<\/p>\n<p>&nbsp;<\/p>\n<p>De todas maneras, indic\u00f3 que &#8220;lo m\u00e1s importante es que las mujeres denuncien a la primera agresi\u00f3n, que no esperen, porque esa primera violencia es la que puede marcar la conducta&#8221;.<\/p>\n","protected":false},"excerpt":{"rendered":"<p>Aunque adelant\u00f3 que se tomar\u00e1n medidas para prevenir estos casos, la ministra Bullrich se refiri\u00f3 a dos hechos graves ocurridos en Entre R\u00edos y se\u00f1al\u00f3 que &#8220;hay una situaci\u00f3n de enorme violencia contra las mujeres&#8221; &nbsp; &nbsp; &nbsp; &nbsp; Durante la madrugada de este lunes, Juan Pablo Ledesma (29) mat\u00f3 a cuchilladas a su ex pareja, a sus dos hijas y al novio de la mujer, en la ciudad entrerriana de Concepci\u00f3n del Uruguay. Durante el fin de semana, un prefecto mataba a dos ex parejas suyas en la tambi\u00e9n&#8230;<\/p>\n","protected":false},"author":3,"featured_media":4062,"comment_status":"closed","ping_status":"closed","sticky":false,"template":"","format":"standard","meta":[],"categories":[2],"tags":[],"_links":{"self":[{"href":"https:\/\/www.actualidadadiario.com\/index.php\/wp-json\/wp\/v2\/posts\/4061"}],"collection":[{"href":"https:\/\/www.actualidadadiario.com\/index.php\/wp-json\/wp\/v2\/posts"}],"about":[{"href":"https:\/\/www.actualidadadiario.com\/index.php\/wp-json\/wp\/v2\/types\/post"}],"author":[{"embeddable":true,"href":"https:\/\/www.actualidadadiario.com\/index.php\/wp-json\/wp\/v2\/users\/3"}],"replies":[{"embeddable":true,"href":"https:\/\/www.actualidadadiario.com\/index.php\/wp-json\/wp\/v2\/comments?post=4061"}],"version-history":[{"count":1,"href":"https:\/\/www.actualidadadiario.com\/index.php\/wp-json\/wp\/v2\/posts\/4061\/revisions"}],"predecessor-version":[{"id":4063,"href":"https:\/\/www.actualidadadiario.com\/index.php\/wp-json\/wp\/v2\/posts\/4061\/revisions\/4063"}],"wp:featuredmedia":[{"embeddable":true,"href":"https:\/\/www.actualidadadiario.com\/index.php\/wp-json\/wp\/v2\/media\/4062"}],"wp:attachment":[{"href":"https:\/\/www.actualidadadiario.com\/index.php\/wp-json\/wp\/v2\/media?parent=4061"}],"wp:term":[{"taxonomy":"category","embeddable":true,"href":"https:\/\/www.actualidadadiario.com\/index.php\/wp-json\/wp\/v2\/categories?post=4061"},{"taxonomy":"post_tag","embeddable":true,"href":"https:\/\/www.actualidadadiario.com\/index.php\/wp-json\/wp\/v2\/tags?post=4061"}],"curies":[{"name":"wp","href":"https:\/\/api.w.org\/{rel}","templated":true}]}}