{"id":4056,"date":"2016-11-07T10:14:50","date_gmt":"2016-11-07T13:14:50","guid":{"rendered":"http:\/\/actualidadadiario.com\/site\/?p=4056"},"modified":"2016-11-07T10:14:50","modified_gmt":"2016-11-07T13:14:50","slug":"la-cgt-redobla-la-presion-sobre-el-gobierno-y-empresas-por-un-pacto-antidespidos","status":"publish","type":"post","link":"https:\/\/www.actualidadadiario.com\/index.php\/2016\/11\/07\/la-cgt-redobla-la-presion-sobre-el-gobierno-y-empresas-por-un-pacto-antidespidos\/","title":{"rendered":"La CGT redobla la presi\u00f3n sobre el Gobierno y empresas por un pacto antidespidos"},"content":{"rendered":"<p><em><strong>Esta semana se reunir\u00e1 la conducci\u00f3n de la central para definir la estrategia. El triunvirato ya mantuvo encuentros con diversas c\u00e1maras empresarias para apurar un entendimiento. El martes se re\u00fane con las pymes<\/strong><\/em><\/p>\n<p>&nbsp;<\/p>\n<p>&nbsp;<\/p>\n<p>&nbsp;<\/p>\n<p>Mientras aguarda la convocatoria oficial para la nueva reuni\u00f3n de la mesa de di\u00e1logo tripartito, prevista inicialmente para mediados de este mes, la conducci\u00f3n de la CGT decidi\u00f3 apurar la definici\u00f3n de la estrategia con la que volver\u00e1 a sentarse con funcionarios del Gobierno y empresarios en la apuesta de hacerse de un compromiso efectivo para frenar los despidos por un plazo m\u00ednimo de tres meses.<\/p>\n<p>&nbsp;<\/p>\n<p>Para ello, la c\u00fapula tripartita cegetista que integran H\u00e9ctor Daer, Juan Carlos Schmid y Carlos Acu\u00f1a convoc\u00f3 para el pr\u00f3ximo jueves a una nueva reuni\u00f3n del consejo directivo de la central, donde espera terminar de consensuar los detalles del reclamo que activar\u00e1 en la mesa de di\u00e1logo. Antes, el martes, la conducci\u00f3n de la entidad mantendr\u00e1 un encuentro con representantes de c\u00e1maras que agrupan a peque\u00f1as y medianas empresas con la intenci\u00f3n de tomar nota de la situaci\u00f3n de diversas actividades y particularmente la realidad del empleo.<\/p>\n<p>&nbsp;<\/p>\n<p>La reuni\u00f3n con las pymes ser\u00e1 el \u00faltimo cap\u00edtulo de una serie de encuentros oficiales y contactos m\u00e1s informales con referentes de los principales sectores empresarios que la primera l\u00ednea cegetista puso en marcha en las \u00faltimas semanas con el prop\u00f3sito de sondear su disposici\u00f3n para avanzar en alg\u00fan tipo de entendimiento que contenga los despidos en el tramo final del a\u00f1o y los primeros meses de 2017. \u201cEl deterioro del salario y el empleo son las dos principales preocupaciones. Logramos acordar la compensaci\u00f3n de fin de a\u00f1o que es una ayuda. Ahora necesitamos alguna herramienta que nos garantice frenar los despidos\u201d, resumi\u00f3 a este diario un referente de la conducci\u00f3n de la central obrera.<\/p>\n<p>&nbsp;<\/p>\n<p>Daer y Schmid ratificaron ese objetivo en un reportaje publicado ayer por La Naci\u00f3n. \u201cEl problema est\u00e1 en el empleo\u201d, enfatiz\u00f3 el diputado nacional y dirigente de Sanidad. Mientras el titular del sindicato de dragada advirti\u00f3 que en materia de empleo \u201cest\u00e1bamos estancados y hoy ha declinaci\u00f3n\u201d. Una inquietud m\u00e1s profunda comparten desde otros gremios cuyas actividades resultaron muy golpeadas por la contracci\u00f3n de la econom\u00eda en los \u00faltimos meses. Son los casos de la Uocra, los metal\u00fargicos de la UOM y los sindicatos de textiles y calzado, entre otros.<\/p>\n<p>&nbsp;<\/p>\n<p>El gremio de la construcci\u00f3n, que encabeza Gerardo Mart\u00ednez, ya advirti\u00f3 de la p\u00e9rdida de alrededor de 70 mil puestos de trabajo en la actividad, situaci\u00f3n que vincul\u00f3 estrechamente al parate de la obra p\u00fablica. Si bien entre agosto y septiembre se recuperaron unos 3000 empleos, la nueva contracci\u00f3n que registr\u00f3 el sector en octubre (ca\u00edda del 13%) deriv\u00f3 en nuevas cesant\u00edas, seg\u00fan estimaron en el sindicato.<\/p>\n<p>&nbsp;<\/p>\n<p>Similar escenario ofrecen desde la conducci\u00f3n de la UOM, liderada por Antonio Cal\u00f3. \u201cEn lo que va del a\u00f1o tenemos unos 20 mil trabajadores afectados por la situaci\u00f3n del empleo, entre despidos y suspensiones\u201d, calcul\u00f3 hace unos d\u00edas el dirigente metal\u00fargico y referente de la conducci\u00f3n cegetista, Francisco \u201cBarba\u201d Guti\u00e9rrez.<\/p>\n<p>&nbsp;<\/p>\n<p>Tras la experiencia del veto presidencial a la ley antidespidos votada por el Congreso en mayo pasado, la CGT rechaza volver a la carga con la idea de una iniciativa legislativa. Pero tambi\u00e9n destaca el fracaso del compromiso que el presidente Mauricio Macri sell\u00f3 tambi\u00e9n en mayo (como alternativa al avance del Congreso) con un centenar de empresas, pero sin participaci\u00f3n sindical, para intentar contener las cesant\u00edas. A diferencia de ese documento, en la CGT suponen ahora que la posibilidad de un acuerdo en el marco pol\u00edtico del di\u00e1logo tripartito ofrecer\u00eda mayores garant\u00edas en el objetivo de preservar el empleo.<\/p>\n","protected":false},"excerpt":{"rendered":"<p>Esta semana se reunir\u00e1 la conducci\u00f3n de la central para definir la estrategia. El triunvirato ya mantuvo encuentros con diversas c\u00e1maras empresarias para apurar un entendimiento. El martes se re\u00fane con las pymes &nbsp; &nbsp; &nbsp; Mientras aguarda la convocatoria oficial para la nueva reuni\u00f3n de la mesa de di\u00e1logo tripartito, prevista inicialmente para mediados de este mes, la conducci\u00f3n de la CGT decidi\u00f3 apurar la definici\u00f3n de la estrategia con la que volver\u00e1 a sentarse con funcionarios del Gobierno y empresarios en la apuesta de hacerse de un compromiso&#8230;<\/p>\n","protected":false},"author":3,"featured_media":4057,"comment_status":"closed","ping_status":"closed","sticky":false,"template":"","format":"standard","meta":[],"categories":[18],"tags":[],"_links":{"self":[{"href":"https:\/\/www.actualidadadiario.com\/index.php\/wp-json\/wp\/v2\/posts\/4056"}],"collection":[{"href":"https:\/\/www.actualidadadiario.com\/index.php\/wp-json\/wp\/v2\/posts"}],"about":[{"href":"https:\/\/www.actualidadadiario.com\/index.php\/wp-json\/wp\/v2\/types\/post"}],"author":[{"embeddable":true,"href":"https:\/\/www.actualidadadiario.com\/index.php\/wp-json\/wp\/v2\/users\/3"}],"replies":[{"embeddable":true,"href":"https:\/\/www.actualidadadiario.com\/index.php\/wp-json\/wp\/v2\/comments?post=4056"}],"version-history":[{"count":1,"href":"https:\/\/www.actualidadadiario.com\/index.php\/wp-json\/wp\/v2\/posts\/4056\/revisions"}],"predecessor-version":[{"id":4058,"href":"https:\/\/www.actualidadadiario.com\/index.php\/wp-json\/wp\/v2\/posts\/4056\/revisions\/4058"}],"wp:featuredmedia":[{"embeddable":true,"href":"https:\/\/www.actualidadadiario.com\/index.php\/wp-json\/wp\/v2\/media\/4057"}],"wp:attachment":[{"href":"https:\/\/www.actualidadadiario.com\/index.php\/wp-json\/wp\/v2\/media?parent=4056"}],"wp:term":[{"taxonomy":"category","embeddable":true,"href":"https:\/\/www.actualidadadiario.com\/index.php\/wp-json\/wp\/v2\/categories?post=4056"},{"taxonomy":"post_tag","embeddable":true,"href":"https:\/\/www.actualidadadiario.com\/index.php\/wp-json\/wp\/v2\/tags?post=4056"}],"curies":[{"name":"wp","href":"https:\/\/api.w.org\/{rel}","templated":true}]}}