{"id":4053,"date":"2016-11-07T10:14:02","date_gmt":"2016-11-07T13:14:02","guid":{"rendered":"http:\/\/actualidadadiario.com\/site\/?p=4053"},"modified":"2016-11-07T10:14:02","modified_gmt":"2016-11-07T13:14:02","slug":"seria-muy-bueno-que-massa-participe-dentro-de-nuestro-espacio","status":"publish","type":"post","link":"https:\/\/www.actualidadadiario.com\/index.php\/2016\/11\/07\/seria-muy-bueno-que-massa-participe-dentro-de-nuestro-espacio\/","title":{"rendered":"&#8220;Ser\u00eda muy bueno que Massa participe dentro de nuestro espacio&#8221;"},"content":{"rendered":"<p><em><strong>El gobernador de la provincia de Entre R\u00edos, Gustavo Bordet, afirm\u00f3 este domingo que &#8220;ser\u00eda muy bueno que -el l\u00edder del Frente Renovador, Sergio Massa&#8221; participara en el Partido Justicialista (PJ)<\/strong><\/em><\/p>\n<p>&nbsp;<\/p>\n<p>&nbsp;<\/p>\n<p>&nbsp;<\/p>\n<p>&nbsp;<\/p>\n<p>&nbsp;<\/p>\n<p>&nbsp;<\/p>\n<p>&#8220;Hoy no hay un liderazgo en el peronismo, es necesario hacer unas internas muy amplias. Me parece importante que Sergio est\u00e9 participando dentro de nuestro espacio pol\u00edtico, ser\u00eda muy bueno pero es una aspiraci\u00f3n de deseo&#8221;, sostuvo Bordet en declaraciones a Radio Del Plata.<\/p>\n<p>&nbsp;<\/p>\n<p>En relaci\u00f3n al presupuesto -aprobado en Diputados la semana pasada-, el gobernador se\u00f1al\u00f3 que &#8220;hubiese sido una irresponsabilidad dejar al pa\u00eds sin presupuesto para el a\u00f1o que viene&#8221;.<\/p>\n<p>&nbsp;<\/p>\n<p>Consultado por la relaci\u00f3n con el Ejecutivo nacional, respondi\u00f3 que &#8220;hay un cambio en la relaci\u00f3n entre el gobierno y la Naci\u00f3n&#8221;. &#8220;Hay un di\u00e1logo muy fluido, consensos importantes. La provincia ha recuperado derechos. Estamos transitando una etapa de di\u00e1logo y consenso. A uno le pueden gustar m\u00e1s o menos las medidas pero se puede sentar en una mesa a dialogar&#8221;, a\u00f1adi\u00f3.<\/p>\n","protected":false},"excerpt":{"rendered":"<p>El gobernador de la provincia de Entre R\u00edos, Gustavo Bordet, afirm\u00f3 este domingo que &#8220;ser\u00eda muy bueno que -el l\u00edder del Frente Renovador, Sergio Massa&#8221; participara en el Partido Justicialista (PJ) &nbsp; &nbsp; &nbsp; &nbsp; &nbsp; &nbsp; &#8220;Hoy no hay un liderazgo en el peronismo, es necesario hacer unas internas muy amplias. Me parece importante que Sergio est\u00e9 participando dentro de nuestro espacio pol\u00edtico, ser\u00eda muy bueno pero es una aspiraci\u00f3n de deseo&#8221;, sostuvo Bordet en declaraciones a Radio Del Plata. &nbsp; En relaci\u00f3n al presupuesto -aprobado en Diputados la&#8230;<\/p>\n","protected":false},"author":3,"featured_media":4054,"comment_status":"closed","ping_status":"closed","sticky":false,"template":"","format":"standard","meta":[],"categories":[18],"tags":[],"_links":{"self":[{"href":"https:\/\/www.actualidadadiario.com\/index.php\/wp-json\/wp\/v2\/posts\/4053"}],"collection":[{"href":"https:\/\/www.actualidadadiario.com\/index.php\/wp-json\/wp\/v2\/posts"}],"about":[{"href":"https:\/\/www.actualidadadiario.com\/index.php\/wp-json\/wp\/v2\/types\/post"}],"author":[{"embeddable":true,"href":"https:\/\/www.actualidadadiario.com\/index.php\/wp-json\/wp\/v2\/users\/3"}],"replies":[{"embeddable":true,"href":"https:\/\/www.actualidadadiario.com\/index.php\/wp-json\/wp\/v2\/comments?post=4053"}],"version-history":[{"count":1,"href":"https:\/\/www.actualidadadiario.com\/index.php\/wp-json\/wp\/v2\/posts\/4053\/revisions"}],"predecessor-version":[{"id":4055,"href":"https:\/\/www.actualidadadiario.com\/index.php\/wp-json\/wp\/v2\/posts\/4053\/revisions\/4055"}],"wp:featuredmedia":[{"embeddable":true,"href":"https:\/\/www.actualidadadiario.com\/index.php\/wp-json\/wp\/v2\/media\/4054"}],"wp:attachment":[{"href":"https:\/\/www.actualidadadiario.com\/index.php\/wp-json\/wp\/v2\/media?parent=4053"}],"wp:term":[{"taxonomy":"category","embeddable":true,"href":"https:\/\/www.actualidadadiario.com\/index.php\/wp-json\/wp\/v2\/categories?post=4053"},{"taxonomy":"post_tag","embeddable":true,"href":"https:\/\/www.actualidadadiario.com\/index.php\/wp-json\/wp\/v2\/tags?post=4053"}],"curies":[{"name":"wp","href":"https:\/\/api.w.org\/{rel}","templated":true}]}}