{"id":40521,"date":"2019-02-15T13:12:16","date_gmt":"2019-02-15T16:12:16","guid":{"rendered":"https:\/\/www.actualidadadiario.com\/?p=40521"},"modified":"2019-05-06T20:52:54","modified_gmt":"2019-05-06T23:52:54","slug":"la-multisectorial-de-mujeres-entrerrianas-pide-la-emergencia-por-violencia-de-genero","status":"publish","type":"post","link":"https:\/\/www.actualidadadiario.com\/index.php\/2019\/02\/15\/la-multisectorial-de-mujeres-entrerrianas-pide-la-emergencia-por-violencia-de-genero\/","title":{"rendered":"La Multisectorial de Mujeres Entrerrianas pide la emergencia por violencia de g\u00e9nero"},"content":{"rendered":"<p><em><strong>Este viernes habr\u00e1 una Marcha de Antorchas para visibilizar el reclamo. La concentraci\u00f3n ser\u00e1 a las 18:30 en la Plaza 1\u00ba de Mayo y luego se marchar\u00e1 hasta Casa de Gobierno, donde tendr\u00e1 lugar un acto con actividades culturales. Exigen mayor presupuesto y remarcaron que \u201cno se puede esperar m\u00e1s para que se trate la ley\u201d<\/strong><\/em><\/p>\n<p>&nbsp;<\/p>\n<p>&nbsp;<\/p>\n<p>\u201cPeleamos por que se sancione la ley de emergencia por violencia contra las mujeres\u201d, expres\u00f3 Marina Garc\u00eda, una de las integrantes de la Multisectorial de Mujeres Entrerrianas, un espacio conformado por mujeres de distintos sectores, \u201cdocentes, trabajadoras de la salud y de distintos sectores del Estado, desocupadas, entre otras\u201d, coment\u00f3.<\/p>\n<p>Esperan que con la ley se pueda contar con mayor presupuesto \u201cpara desplegar las medidas necesarias para asistencia y prevenci\u00f3n\u201d. \u201cCreemos que es necesario que la ley salga. A ra\u00edz de las experiencias que hemos desarrollado, se ha demostrado que es posible, a trav\u00e9s de recursos humanos, generar mejores situaciones para las mujeres\u201d, asever\u00f3 Garc\u00eda.<\/p>\n<p>Seg\u00fan explic\u00f3 en declaraciones a esta Agencia, uno de los puntos de la ley impulsa la formaci\u00f3n de promotoras territoriales para prevenir la violencia y promover los derechos de las mujeres. Otros puntos de la ley plantean \u201cmayor presupuesto, casas refugio y patrocinio jur\u00eddico\u201d. Tambi\u00e9n una \u201cayuda econ\u00f3mica para mujeres en situaci\u00f3n de violencia, porque una de las principales consecuencias de la violencia dom\u00e9stica es el aislamiento en el \u00e1mbito econ\u00f3mico\u201d, detall\u00f3.<\/p>\n<p>Tras recordar que en lo que va del a\u00f1o ya se contabilizaron al menos 29 femicidios en el pa\u00eds, Garc\u00eda subray\u00f3: \u201cDesde la Multisectorial de Mujeres creemos que no se puede esperar m\u00e1s para que esto se discuta en el Congreso nacional y la Legislatura provincial\u201d.<\/p>\n<p>\u201cApuntamos a que los Gobiernos nacional y provincial destinen presupuesto para resolver la situaci\u00f3n de las mujeres, principalmente en torno a la violencia\u201d, expres\u00f3 y se\u00f1al\u00f3 que actualmente a nivel nacional \u201cse destinan s\u00f3lo 11,36 pesos por cada mujer para abordar la violencia contra las mujeres\u201d.<\/p>\n<p>Por \u00faltimo, consider\u00f3 que el pedido para declarar la emergencia \u201cno prospera porque no est\u00e1 en la agenda del Estado\u201d. Entendi\u00f3 que \u201cel Estado deber\u00eda ser quien garantice que esto se cumpla\u201d.<\/p>\n","protected":false},"excerpt":{"rendered":"<p>Este viernes habr\u00e1 una Marcha de Antorchas para visibilizar el reclamo. La concentraci\u00f3n ser\u00e1 a las 18:30 en la Plaza 1\u00ba de Mayo y luego se marchar\u00e1 hasta Casa de Gobierno, donde tendr\u00e1 lugar un acto con actividades culturales. Exigen mayor presupuesto y remarcaron que \u201cno se puede esperar m\u00e1s para que se trate la ley\u201d &nbsp; &nbsp; \u201cPeleamos por que se sancione la ley de emergencia por violencia contra las mujeres\u201d, expres\u00f3 Marina Garc\u00eda, una de las integrantes de la Multisectorial de Mujeres Entrerrianas, un espacio conformado por mujeres&#8230;<\/p>\n","protected":false},"author":3,"featured_media":40522,"comment_status":"closed","ping_status":"closed","sticky":false,"template":"","format":"standard","meta":[],"categories":[15],"tags":[],"_links":{"self":[{"href":"https:\/\/www.actualidadadiario.com\/index.php\/wp-json\/wp\/v2\/posts\/40521"}],"collection":[{"href":"https:\/\/www.actualidadadiario.com\/index.php\/wp-json\/wp\/v2\/posts"}],"about":[{"href":"https:\/\/www.actualidadadiario.com\/index.php\/wp-json\/wp\/v2\/types\/post"}],"author":[{"embeddable":true,"href":"https:\/\/www.actualidadadiario.com\/index.php\/wp-json\/wp\/v2\/users\/3"}],"replies":[{"embeddable":true,"href":"https:\/\/www.actualidadadiario.com\/index.php\/wp-json\/wp\/v2\/comments?post=40521"}],"version-history":[{"count":1,"href":"https:\/\/www.actualidadadiario.com\/index.php\/wp-json\/wp\/v2\/posts\/40521\/revisions"}],"predecessor-version":[{"id":40523,"href":"https:\/\/www.actualidadadiario.com\/index.php\/wp-json\/wp\/v2\/posts\/40521\/revisions\/40523"}],"wp:featuredmedia":[{"embeddable":true,"href":"https:\/\/www.actualidadadiario.com\/index.php\/wp-json\/wp\/v2\/media\/40522"}],"wp:attachment":[{"href":"https:\/\/www.actualidadadiario.com\/index.php\/wp-json\/wp\/v2\/media?parent=40521"}],"wp:term":[{"taxonomy":"category","embeddable":true,"href":"https:\/\/www.actualidadadiario.com\/index.php\/wp-json\/wp\/v2\/categories?post=40521"},{"taxonomy":"post_tag","embeddable":true,"href":"https:\/\/www.actualidadadiario.com\/index.php\/wp-json\/wp\/v2\/tags?post=40521"}],"curies":[{"name":"wp","href":"https:\/\/api.w.org\/{rel}","templated":true}]}}