{"id":40518,"date":"2019-02-15T13:11:37","date_gmt":"2019-02-15T16:11:37","guid":{"rendered":"https:\/\/www.actualidadadiario.com\/?p=40518"},"modified":"2019-05-06T20:57:24","modified_gmt":"2019-05-06T23:57:24","slug":"creer-entre-rios-es-un-ejemplo-a-seguir-en-el-resto-del-pais","status":"publish","type":"post","link":"https:\/\/www.actualidadadiario.com\/index.php\/2019\/02\/15\/creer-entre-rios-es-un-ejemplo-a-seguir-en-el-resto-del-pais\/","title":{"rendered":"\u201cCreer Entre R\u00edos es un ejemplo a seguir en el resto del pa\u00eds&#8221;"},"content":{"rendered":"<p><em><strong>El titular de la CTA celebr\u00f3 la unidad alcanzada por el PJ que conduce Gustavo Bordet y otros 9 partidos para conformar el frente Creer Entre R\u00edos. &#8220;Es un ejemplo a seguir en el resto del pa\u00eds la decisi\u00f3n que se tom\u00f3 en Entre R\u00edos&#8221;, afirm\u00f3<\/strong><\/em><\/p>\n<p>&nbsp;<\/p>\n<p>&nbsp;<\/p>\n<p>&nbsp;<\/p>\n<p>En medio de la jornada nacional de lucha contra los tarifazos, el titular de la CTA, Hugo Yaski, celebr\u00f3 la unidad alcanzada por el PJ que conduce Gustavo Bordet y otros 9 partidos en la provincia para conformar el frente Creer Entre R\u00edos. &#8220;Creo que es un ejemplo a seguir en el resto del pa\u00eds la decisi\u00f3n que se tom\u00f3 en Entre R\u00edos&#8221;, afirm\u00f3.<\/p>\n<p>El dirigente nacional estuvo en Paran\u00e1 donde particip\u00f3 de la multitudinaria movilizaci\u00f3n contra los tarifazos del gobierno de Cambiemos junto al representante de los docentes bonaerenses, Roberto Baradel y la titular de Cetera, Sonia Alesso.<\/p>\n<p>En ese marco Yaski salud\u00f3 la conformaci\u00f3n de Creer Entre R\u00edos que impulsa la reelecci\u00f3n del gobernador Gustavo Bordet y destac\u00f3 &#8220;la posibilidad de reencontrar caminos, de buscar que sean convergentes los intereses de los que comparten la misma situaci\u00f3n de opresi\u00f3n&#8221;, dijo y agreg\u00f3: &#8220;cualquier otra diferencia es secundaria&#8221;, agreg\u00f3.<\/p>\n<p>&#8220;Debemos marcar una l\u00ednea divisoria: de un lado los que quieren un gobierno para los ricos y para complacer a los grupos del poder econ\u00f3mico y de otro, con todas las diferencias que podamos tener, los que creemos que podemos tener un Gobierno que le d\u00e9 al pueblo satisfacci\u00f3n a sus necesidades de trabajo, educaci\u00f3n y salud&#8221;, continu\u00f3 Yaski consultado por la conformaci\u00f3n del frente que agrupa al Partido Justicialista y otras fuerzas de izquierda.<\/p>\n<p>Luego, en su discurso, Yaski resalt\u00f3 que &#8220;esto es la unidad de trabajadores y trabajadoras&#8221; y que de esta forma se &#8220;abrir\u00e1 camino a un pa\u00eds con trabajo y dignidad&#8221;.<\/p>\n<p>Adem\u00e1s, &#8220;necesitamos unir todas las luchas, unir a los compa\u00f1eros en defensa de los puestos de trabajo, en defensa de los jubilados, contra la reforma laboral y por el trabajo digno. Hay que unir esas luchas contra el tarifazo, por la dignidad, por el trabajo&#8221;, continu\u00f3.<\/p>\n<p>Por \u00faltimo, Yaski fustig\u00f3 a Cambiemos: &#8220;le decimos al gobierno que se acab\u00f3 el tiempo. Quer\u00edan dividir al pueblo a trav\u00e9s de medios y jueces, sembrar la idea de mirar al vecino como individuo y no c\u00f3mo compa\u00f1ero&#8221;.<\/p>\n","protected":false},"excerpt":{"rendered":"<p>El titular de la CTA celebr\u00f3 la unidad alcanzada por el PJ que conduce Gustavo Bordet y otros 9 partidos para conformar el frente Creer Entre R\u00edos. &#8220;Es un ejemplo a seguir en el resto del pa\u00eds la decisi\u00f3n que se tom\u00f3 en Entre R\u00edos&#8221;, afirm\u00f3 &nbsp; &nbsp; &nbsp; En medio de la jornada nacional de lucha contra los tarifazos, el titular de la CTA, Hugo Yaski, celebr\u00f3 la unidad alcanzada por el PJ que conduce Gustavo Bordet y otros 9 partidos en la provincia para conformar el frente Creer&#8230;<\/p>\n","protected":false},"author":3,"featured_media":40519,"comment_status":"closed","ping_status":"closed","sticky":false,"template":"","format":"standard","meta":[],"categories":[15],"tags":[],"_links":{"self":[{"href":"https:\/\/www.actualidadadiario.com\/index.php\/wp-json\/wp\/v2\/posts\/40518"}],"collection":[{"href":"https:\/\/www.actualidadadiario.com\/index.php\/wp-json\/wp\/v2\/posts"}],"about":[{"href":"https:\/\/www.actualidadadiario.com\/index.php\/wp-json\/wp\/v2\/types\/post"}],"author":[{"embeddable":true,"href":"https:\/\/www.actualidadadiario.com\/index.php\/wp-json\/wp\/v2\/users\/3"}],"replies":[{"embeddable":true,"href":"https:\/\/www.actualidadadiario.com\/index.php\/wp-json\/wp\/v2\/comments?post=40518"}],"version-history":[{"count":1,"href":"https:\/\/www.actualidadadiario.com\/index.php\/wp-json\/wp\/v2\/posts\/40518\/revisions"}],"predecessor-version":[{"id":40520,"href":"https:\/\/www.actualidadadiario.com\/index.php\/wp-json\/wp\/v2\/posts\/40518\/revisions\/40520"}],"wp:featuredmedia":[{"embeddable":true,"href":"https:\/\/www.actualidadadiario.com\/index.php\/wp-json\/wp\/v2\/media\/40519"}],"wp:attachment":[{"href":"https:\/\/www.actualidadadiario.com\/index.php\/wp-json\/wp\/v2\/media?parent=40518"}],"wp:term":[{"taxonomy":"category","embeddable":true,"href":"https:\/\/www.actualidadadiario.com\/index.php\/wp-json\/wp\/v2\/categories?post=40518"},{"taxonomy":"post_tag","embeddable":true,"href":"https:\/\/www.actualidadadiario.com\/index.php\/wp-json\/wp\/v2\/tags?post=40518"}],"curies":[{"name":"wp","href":"https:\/\/api.w.org\/{rel}","templated":true}]}}