{"id":40512,"date":"2019-02-15T13:10:14","date_gmt":"2019-02-15T16:10:14","guid":{"rendered":"https:\/\/www.actualidadadiario.com\/?p=40512"},"modified":"2019-05-06T20:55:00","modified_gmt":"2019-05-06T23:55:00","slug":"el-gobierno-volvera-a-reunirse-este-martes-con-los-gremios-docentes","status":"publish","type":"post","link":"https:\/\/www.actualidadadiario.com\/index.php\/2019\/02\/15\/el-gobierno-volvera-a-reunirse-este-martes-con-los-gremios-docentes\/","title":{"rendered":"El gobierno volver\u00e1 a reunirse este martes con los gremios docentes"},"content":{"rendered":"<p><em><strong>Continuando el di\u00e1logo con los gremios docentes, el gobierno convoc\u00f3 al sector a un nuevo encuentro que se desarrollar\u00e1 el martes 19<\/strong><\/em><\/p>\n<p>&nbsp;<\/p>\n<p>&nbsp;<\/p>\n<p>El Consejo General de Educaci\u00f3n, env\u00edo este jueves la convocatoria a la Asociaci\u00f3n Gremial del Magisterio de Entre R\u00edos (Agmer), la Asociaci\u00f3n del Magisterio de Ense\u00f1anza T\u00e9cnica (AMET), la Uni\u00f3n Docentes Argentinos (UDA) y el Sindicato Argentino de Docentes Particulares (Sadop).<\/p>\n<p>El encuentro ser\u00e1 en Casa de Gobierno, en el Sal\u00f3n de los Gobernadores, a las 11.<\/p>\n","protected":false},"excerpt":{"rendered":"<p>Continuando el di\u00e1logo con los gremios docentes, el gobierno convoc\u00f3 al sector a un nuevo encuentro que se desarrollar\u00e1 el martes 19 &nbsp; &nbsp; El Consejo General de Educaci\u00f3n, env\u00edo este jueves la convocatoria a la Asociaci\u00f3n Gremial del Magisterio de Entre R\u00edos (Agmer), la Asociaci\u00f3n del Magisterio de Ense\u00f1anza T\u00e9cnica (AMET), la Uni\u00f3n Docentes Argentinos (UDA) y el Sindicato Argentino de Docentes Particulares (Sadop). El encuentro ser\u00e1 en Casa de Gobierno, en el Sal\u00f3n de los Gobernadores, a las 11.<\/p>\n","protected":false},"author":3,"featured_media":40513,"comment_status":"closed","ping_status":"closed","sticky":false,"template":"","format":"standard","meta":[],"categories":[9],"tags":[],"_links":{"self":[{"href":"https:\/\/www.actualidadadiario.com\/index.php\/wp-json\/wp\/v2\/posts\/40512"}],"collection":[{"href":"https:\/\/www.actualidadadiario.com\/index.php\/wp-json\/wp\/v2\/posts"}],"about":[{"href":"https:\/\/www.actualidadadiario.com\/index.php\/wp-json\/wp\/v2\/types\/post"}],"author":[{"embeddable":true,"href":"https:\/\/www.actualidadadiario.com\/index.php\/wp-json\/wp\/v2\/users\/3"}],"replies":[{"embeddable":true,"href":"https:\/\/www.actualidadadiario.com\/index.php\/wp-json\/wp\/v2\/comments?post=40512"}],"version-history":[{"count":1,"href":"https:\/\/www.actualidadadiario.com\/index.php\/wp-json\/wp\/v2\/posts\/40512\/revisions"}],"predecessor-version":[{"id":40514,"href":"https:\/\/www.actualidadadiario.com\/index.php\/wp-json\/wp\/v2\/posts\/40512\/revisions\/40514"}],"wp:featuredmedia":[{"embeddable":true,"href":"https:\/\/www.actualidadadiario.com\/index.php\/wp-json\/wp\/v2\/media\/40513"}],"wp:attachment":[{"href":"https:\/\/www.actualidadadiario.com\/index.php\/wp-json\/wp\/v2\/media?parent=40512"}],"wp:term":[{"taxonomy":"category","embeddable":true,"href":"https:\/\/www.actualidadadiario.com\/index.php\/wp-json\/wp\/v2\/categories?post=40512"},{"taxonomy":"post_tag","embeddable":true,"href":"https:\/\/www.actualidadadiario.com\/index.php\/wp-json\/wp\/v2\/tags?post=40512"}],"curies":[{"name":"wp","href":"https:\/\/api.w.org\/{rel}","templated":true}]}}