{"id":40509,"date":"2019-02-15T13:09:38","date_gmt":"2019-02-15T16:09:38","guid":{"rendered":"https:\/\/www.actualidadadiario.com\/?p=40509"},"modified":"2019-05-06T20:51:57","modified_gmt":"2019-05-06T23:51:57","slug":"mas-de-100-mil-jovenes-fueron-alcanzados-por-las-politicas-del-gobierno-provincial-en-2018","status":"publish","type":"post","link":"https:\/\/www.actualidadadiario.com\/index.php\/2019\/02\/15\/mas-de-100-mil-jovenes-fueron-alcanzados-por-las-politicas-del-gobierno-provincial-en-2018\/","title":{"rendered":"M\u00e1s de 100 mil j\u00f3venes fueron alcanzados por las pol\u00edticas del gobierno provincial en 2018"},"content":{"rendered":"<p><em><strong>El gobierno provincial, a trav\u00e9s del Ministerio de Desarrollo Social, lleva adelante una variedad de programas y l\u00edneas de acci\u00f3n que tienen como objetivo el acompa\u00f1amiento y desarrollo de j\u00f3venes entrerrianos. S\u00f3lo esta cartera del gobierno entrerriano cuenta con m\u00e1s de 15 l\u00edneas destinadas a este<\/strong><\/em><\/p>\n<p>&nbsp;<\/p>\n<p>&nbsp;<\/p>\n<p>S\u00f3lo esta cartera del gobierno entrerriano cuenta con m\u00e1s de 15 l\u00edneas destinadas a este segmento poblacional.<\/p>\n<p>Como parte de sus pol\u00edticas sociales, la cartera de desarrollo impulsa una serie de programas con el fin de, por un lado, incluir y generar participaci\u00f3n en los j\u00f3venes entrerrianos, y por el otro que los mismos puedan capacitarse y desarrollar un proyecto productivo, insert\u00e1ndose de esta manera en el mundo laboral o consolidando sus emprendimientos ya en marcha. A trav\u00e9s de diferentes l\u00edneas se favorece la formaci\u00f3n que permita su desarrollo integral, la adquisici\u00f3n de recursos y maquinarias que favorezcan su crecimiento, a la vez que les permita mejorar sus capacidades productivas y de comercializaci\u00f3n. Vale se\u00f1alar tambi\u00e9n aquellas pol\u00edticas destinadas al apoyo al deporte.<\/p>\n<p>Durante 2018 m\u00e1s de 100 mil j\u00f3venes entrerrianos fueron alcanzados por las distintas pol\u00edticas que se impulsan a trav\u00e9s de distintas \u00e1reas como las secretar\u00edas de la Juventud, de Econom\u00eda Social, de Deportes y la subsecretar\u00eda de Desarrollo Emprendedor. En algunos casos los programas y acciones se realizan de forma articulada con otros organismos, como las que se coordinan con el Consejo Provincial del Ni\u00f1o, el Adolescente y la Familia; el Consejo de Prevenci\u00f3n de las Violencias (COPREV), el Consejo General de Educaci\u00f3n, el Instituto Aut\u00e1rquico Provincial del Seguro; municipios y organizaciones de la sociedad civil, entre otros. Cabe se\u00f1alar que parte de estos programas son financiados a trav\u00e9s de transferencias de IAFAS.<\/p>\n<p>Al respecto, la ministra Laura Stratta afirm\u00f3: \u201cEn la gesti\u00f3n del gobernador Gustavo Bordet creemos en las ganas, el talento y el compromiso de los j\u00f3venes entrerrianos. Por eso orientamos nuestras acciones de gobierno para consolidar un Estado presente, que abre puertas, acompa\u00f1a y genera oportunidades donde no las hay\u201d.<\/p>\n<p>\u201cEn ese marco acompa\u00f1amos a nuestros j\u00f3venes con pol\u00edticas integrales, que van desde el abordaje de sus problem\u00e1ticas, hasta la formaci\u00f3n para inserci\u00f3n laboral y financiamiento de proyectos productivos. Queremos estar presentes apoyando sus proyectos de vida y brindando herramientas para que puedan desarrollarse\u201d, afirm\u00f3 la titular de la cartera social. Algunas de estas pol\u00edticas se detallan a continuaci\u00f3n.<\/p>\n<p>Cabe mencionar que a estos programas este a\u00f1o se suma Formar para Emprender, una propuesta que se llevar\u00e1 adelante en articulaci\u00f3n con el Copnaf y est\u00e1 destinado a adolescentes y j\u00f3venes vulnerados en sus derechos que forman parte de los dispositivos de contenci\u00f3n y protecci\u00f3n del Consejo. Los j\u00f3venes acceder\u00e1n a un espacio formativo por un periodo de tiempo de 3 a 4 meses y luego contar\u00e1n con un kit de herramientas que les sirvan para el desarrollo de su proyecto productivo, el cual dise\u00f1ar\u00e1n durante el tiempo de capacitaciones.<\/p>\n<p>&nbsp;<\/p>\n<p><strong>Pol\u00edticas para los j\u00f3venes<\/strong><\/p>\n<p>Desde la Secretar\u00eda de la Juventud, uno de los principales objetivos para el 2018, fue atender a las principales problem\u00e1ticas de los j\u00f3venes en todo el territorio provincial. En este sentido, se pudo identificar a trav\u00e9s del Observatorio de Problem\u00e1ticas Juveniles que las principales dificultades que los j\u00f3venes se\u00f1alan son la obtenci\u00f3n de empleo, el abordaje de los consumos problem\u00e1ticos, el embarazo no deseado y la prevenci\u00f3n de la violencia.<\/p>\n<p>Con ese fin, se profundizaron y generaron nuevas herramientas que encaren las mencionadas problem\u00e1ticas de manera integral, entendiendo como un paso fundamental, la articulaci\u00f3n con otros organismos, instituciones, el sector privado y organizaciones de la sociedad civil.<\/p>\n<p>Desde la Secretar\u00eda de Juventud se llevan adelante diferentes programas como Conduc\u00ed tu Curso, en el cual en 2018 fueron m\u00e1s de 25.000 los estudiantes de toda la provincia que se capacitaron en seguridad vial. Esta iniciativa se lleva adelante desde el Ministerio de Desarrollo Social, a trav\u00e9s de la Secretar\u00eda de la Juventud, en articulaci\u00f3n con el Instituto Aut\u00e1rquico Provincial del Seguro.<\/p>\n<p>&nbsp;<\/p>\n<p><strong>Elegimos Participar<\/strong><\/p>\n<p>Este programa apunta al fortalecimiento de los centros de estudiantes secundarios y terciarios. En este sentido, se trabaja en talleres con los centros en proceso de formaci\u00f3n, asesor\u00e1ndolos para que puedan conformarse e inscribirse en el Registro \u00danico Provincial; en base a esto durante el a\u00f1o 2018 se logr\u00f3 registrar a 293 centros de estudiantes.<\/p>\n<p>Adem\u00e1s, mediante las l\u00edneas de financiamiento de hasta 30 mil pesos para la presentaci\u00f3n de iniciativas, se acompa\u00f1aron 140 proyectos de todos los departamentos con aportes totales por 5 millones de pesos.<\/p>\n<p>&nbsp;<\/p>\n<p><strong>Imp\u00falsate<\/strong><\/p>\n<p>Esta pol\u00edtica tiene por objetivo brindar oportunidades laborales a j\u00f3venes de entre 18 y 30 a\u00f1os, a partir de la formaci\u00f3n en oficios mediante diferentes talleres de oficios gratuitos. Durante 2018 m\u00e1s de 2.000 j\u00f3venes participaron de estas capacitaciones. Adem\u00e1s, se brindaron cursos de idiomas por los cuales m\u00e1s de 215 pudieron cursar los distintos niveles de ingl\u00e9s y portugu\u00e9s.<\/p>\n<p>Dentro de esta secretar\u00eda tambi\u00e9n se realizan otras iniciativas como Juventudes en Marcha, una propuesta que prev\u00e9 financiamiento de hasta 30 mil pesos para la concreci\u00f3n de actividades solidarias, jornadas deportivas, art\u00edsticas y culturales. De esta misma forma m\u00e1s de 8000 estudiantes secundarios participaron de los talleres de Juventudes Tech y Sexualidades. El primero brinda herramientas sobre c\u00f3mo reconocer y evitar el cyberbullying, grooming, consumo problem\u00e1tico de videojuegos y violencia en las relaciones a trav\u00e9s de redes sociales. El segundo busca revisar mitos, prejuicios y conceptos sobre el cuerpo y la sexualidad.<\/p>\n<p>Con la modalidad de charla\/taller se desarrollaron los espacios de formaci\u00f3n en RCP para 1300 j\u00f3venes; la prevenci\u00f3n de consumos problem\u00e1ticos, los cuales se trabajaron con estudiantes secundarios. En articulaci\u00f3n con la Unidad de Apoyo del Consejo General de Educaci\u00f3n, y el Consejo de Prevenci\u00f3n de las Violencias (COPREV), se brind\u00f3 un espacio denominado \u201cRoles y Estereotipos\u201d. El objetivo fue generar un espacio destinado a reconocer y repensar las situaciones cotidianas que reflejan violencia de g\u00e9nero basadas en estereotipos sociales.<\/p>\n<p>Por otro lado, de manera conjunta con el Copnaf se implementa el Programa Andando, con el fin de acompa\u00f1ar adolescentes y j\u00f3venes sin cuidados parentales.<\/p>\n<p>Tambi\u00e9n se lleva adelante la pol\u00edtica de beneficios Tarjeta Joven Entrerriano. Durante el 2018 se entregaron 2500 nuevas tarjetas a j\u00f3venes y se aument\u00f3 a 600 la cantidad de comercios adheridos al programa de beneficios.<\/p>\n<p>&nbsp;<\/p>\n<p><strong>Econom\u00eda Social y desarrollo emprendedor<\/strong><\/p>\n<p><strong>Crecer<\/strong><\/p>\n<p>Dentro de la Secretar\u00eda de Econom\u00eda Social, el programa Crecer permite que j\u00f3venes entrerrianos de 18 a 35 a\u00f1os, que se encuentren en situaci\u00f3n de vulnerabilidad, puedan acceder a una capacitaci\u00f3n en emprendedurismo y luego acceder al equipamiento de trabajo necesario para iniciarse laboralmente con un proyecto personal sustentable y redituable econ\u00f3micamente.<\/p>\n<p>Con este objetivo, el gobierno provincial en 2018 destin\u00f3 casi 29 millones de pesos para que aproximadamente 1.700 j\u00f3venes de toda la provincia culminen el cursado y comiencen a desarrollar sus proyectos productivos.<\/p>\n<p>&nbsp;<\/p>\n<p><strong>Cr\u00e9dito Joven<\/strong><\/p>\n<p>El programa Cr\u00e9dito Joven articula dos fines fundamentales: por un lado busca que aquellas personas que recientemente han terminado sus estudios profesionales puedan acceder a los medios para comenzar a transitar el mundo laboral, y en el mismo sentido, tambi\u00e9n se propone que aquellos que ya se han iniciado puedan consolidarse y expandirse en su profesi\u00f3n.<\/p>\n<p>El cr\u00e9dito est\u00e1 destinado a financiar herramientas, equipamiento y mejoras de los espacios productivos, como tambi\u00e9n a acciones que tiendan a mejorar la comercializaci\u00f3n y prestaci\u00f3n del servicio. S\u00f3lo en el a\u00f1o 2018 el gobierno provincial destin\u00f3 casi un mill\u00f3n y medio pesos para que j\u00f3venes profesionales puedan iniciarse o consolidarse en su \u00e1mbito laboral.<\/p>\n<p>&nbsp;<\/p>\n<p><strong>Cuidadores de la Casa Com\u00fan<\/strong><\/p>\n<p>La iniciativa est\u00e1 enmarcada en la enc\u00edclica Laudato Si del Papa Francisco, en la que se realiza un llamado a los gobiernos y a los j\u00f3venes a trabajar por el cuidado de la naturaleza, generando proyectos productivos que permitan un trabajo digno.<\/p>\n<p>En ese sentido, la iniciativa tiene como fin generar trabajo genuino, como una salida laboral de base comunitaria, estructurada bajo la forma de la econom\u00eda social y solidaria, para j\u00f3venes provenientes de sectores vulnerables de la sociedad.<\/p>\n<p>En el a\u00f1o 2018 se invirtieron m\u00e1s de 6 millones de pesos, lo que permiti\u00f3 que durante 2018, 180 j\u00f3venes sean parte del programa. J\u00f3venes emprendedores<\/p>\n<p>Este programa dependiente de la Subsecretar\u00eda de Desarrollo Emprendedor, brinda asistencia, capacitaci\u00f3n y financiamiento para que j\u00f3venes de entre 18 y 40 a\u00f1os puedan comenzar nuevos emprendimientos o consolidar los ya iniciados.<\/p>\n<p>En la convocatoria 2018 se financiaron proyectos de 220 emprendedores provenientes de toda la provincia, lo que signific\u00f3 un inversi\u00f3n de 15 millones de pesos por parte del Estado provincial. Los proyectos se financian a partir de un cr\u00e9dito a tasa cero.<\/p>\n<p>La convocatoria 2019 se encuentra abierta y las inscripciones se pueden realizar hasta el 31 de marzo en www.entrerios.gov.ar\/jovenesemprendedores.<\/p>\n<p>&nbsp;<\/p>\n<p><strong>Impulsando el deporte<\/strong><\/p>\n<p><strong>Becas y aportes<\/strong><\/p>\n<p>El gobierno provincial mediante el programa Becas Deportivas brind\u00f3 apoyo a unos 200 deportistas que alcanzaron logros en distintos niveles, con una inversi\u00f3n total de 4 millones de pesos. Tambi\u00e9n se acompa\u00f1\u00f3, en el marco del programa Entre R\u00edos Deportes, a 280 deportistas y agrupaciones amateur para la compra de indumentaria y art\u00edculos deportivos, con una inversi\u00f3n de 3 millones de pesos por parte de la provincia.<\/p>\n<p>Adem\u00e1s se apoy\u00f3 a los deportistas entrerrianos que estuvieron preseleccionados como aspirantes a integrar el equipo argentino en los Juegos Ol\u00edmpicos de la Juventud Buenos Aires 2018; y a aquellos deportistas entrerrianos que formaron parte de la delegaci\u00f3n argentina en esta competencia: se trata de cuatro representantes de la provincia que compitieron en los Juegos Ol\u00edmpicos. Cabe se\u00f1alar tambi\u00e9n que se organiz\u00f3 la participaci\u00f3n de la provincia en la 3ra edici\u00f3n de los Juegos Argentinos de Playa en Rosario.<\/p>\n<p>&nbsp;<\/p>\n<p><strong>Juegos Deportivos Federados de la Regi\u00f3n Centro<\/strong><\/p>\n<p>En 2018 Entre R\u00edos estuvo a cargo de la organizaci\u00f3n de los Juegos Deportivos Federados de la Regi\u00f3n Centro, que se realizaron en la ciudad de Concepci\u00f3n del Uruguay. De la competencia, participaron un total de 250 entrerrianos, sumados a 450 j\u00f3venes provenientes de la regi\u00f3n y Uruguay. La organizaci\u00f3n cont\u00f3 con el financiamiento nacional del C.F.I. y del gobierno provincial, lo que implic\u00f3 un gasto total de 2,5 millones de pesos invertidos en log\u00edstica, alojamiento y comida.<\/p>\n<p>&nbsp;<\/p>\n<p><strong>Juegos Deportivos Evita<\/strong><\/p>\n<p>Esta competencia nacional, destinada a j\u00f3venes de 12 a los 18 a\u00f1os en una variada cantidad de disciplinas deportivas, posibilitando la promoci\u00f3n y el desarrollo del deporte social. Durante 2018, en todas las etapas participaron alrededor de 62 mil entrerrianos. La inversi\u00f3n del Estado provincial para este certamen fue de 20 millones de pesos.<\/p>\n<p>Cabe destacar que los representantes entrerrianos obtuvieron un total de 90 medallas, constituyendo una de las participaciones m\u00e1s exitosas de Entre R\u00edos.<\/p>\n","protected":false},"excerpt":{"rendered":"<p>El gobierno provincial, a trav\u00e9s del Ministerio de Desarrollo Social, lleva adelante una variedad de programas y l\u00edneas de acci\u00f3n que tienen como objetivo el acompa\u00f1amiento y desarrollo de j\u00f3venes entrerrianos. S\u00f3lo esta cartera del gobierno entrerriano cuenta con m\u00e1s de 15 l\u00edneas destinadas a este &nbsp; &nbsp; S\u00f3lo esta cartera del gobierno entrerriano cuenta con m\u00e1s de 15 l\u00edneas destinadas a este segmento poblacional. Como parte de sus pol\u00edticas sociales, la cartera de desarrollo impulsa una serie de programas con el fin de, por un lado, incluir y generar&#8230;<\/p>\n","protected":false},"author":3,"featured_media":40510,"comment_status":"closed","ping_status":"closed","sticky":false,"template":"","format":"standard","meta":[],"categories":[15],"tags":[],"_links":{"self":[{"href":"https:\/\/www.actualidadadiario.com\/index.php\/wp-json\/wp\/v2\/posts\/40509"}],"collection":[{"href":"https:\/\/www.actualidadadiario.com\/index.php\/wp-json\/wp\/v2\/posts"}],"about":[{"href":"https:\/\/www.actualidadadiario.com\/index.php\/wp-json\/wp\/v2\/types\/post"}],"author":[{"embeddable":true,"href":"https:\/\/www.actualidadadiario.com\/index.php\/wp-json\/wp\/v2\/users\/3"}],"replies":[{"embeddable":true,"href":"https:\/\/www.actualidadadiario.com\/index.php\/wp-json\/wp\/v2\/comments?post=40509"}],"version-history":[{"count":1,"href":"https:\/\/www.actualidadadiario.com\/index.php\/wp-json\/wp\/v2\/posts\/40509\/revisions"}],"predecessor-version":[{"id":40511,"href":"https:\/\/www.actualidadadiario.com\/index.php\/wp-json\/wp\/v2\/posts\/40509\/revisions\/40511"}],"wp:featuredmedia":[{"embeddable":true,"href":"https:\/\/www.actualidadadiario.com\/index.php\/wp-json\/wp\/v2\/media\/40510"}],"wp:attachment":[{"href":"https:\/\/www.actualidadadiario.com\/index.php\/wp-json\/wp\/v2\/media?parent=40509"}],"wp:term":[{"taxonomy":"category","embeddable":true,"href":"https:\/\/www.actualidadadiario.com\/index.php\/wp-json\/wp\/v2\/categories?post=40509"},{"taxonomy":"post_tag","embeddable":true,"href":"https:\/\/www.actualidadadiario.com\/index.php\/wp-json\/wp\/v2\/tags?post=40509"}],"curies":[{"name":"wp","href":"https:\/\/api.w.org\/{rel}","templated":true}]}}