{"id":40507,"date":"2019-02-15T13:08:13","date_gmt":"2019-02-15T16:08:13","guid":{"rendered":"https:\/\/www.actualidadadiario.com\/?p=40507"},"modified":"2019-05-06T20:56:34","modified_gmt":"2019-05-06T23:56:34","slug":"bordet-dirigira-su-mensaje-anual-a-la-asamblea-legislativa-este-viernes-2","status":"publish","type":"post","link":"https:\/\/www.actualidadadiario.com\/index.php\/2019\/02\/15\/bordet-dirigira-su-mensaje-anual-a-la-asamblea-legislativa-este-viernes-2\/","title":{"rendered":"Bordet dirigir\u00e1 su mensaje anual a la Asamblea Legislativa este viernes"},"content":{"rendered":"<p><em><strong>Con un informe sobre el estado general de la administraci\u00f3n p\u00fablica, el gobernador Gustavo Bordet inaugurar\u00e1 este viernes ante la Asamblea Legislativa el 140\u00b0 periodo de sesiones ordinarias de la legislatura entrerriana. Ser\u00e1 en el Centro Provincial de Convenciones y se transmitir\u00e1 en directo<\/strong><\/em><\/p>\n<p>&nbsp;<\/p>\n<p>&nbsp;<\/p>\n<p>&nbsp;<\/p>\n<p>\u201cEstos tres a\u00f1os fueron de un trabajo muy intenso, con mucho esfuerzo y participaci\u00f3n. Los entrerrianos nos enfrentamos a grandes desaf\u00edos y obtuvimos resultados y aprendizajes auspiciosos que sin lugar a dudas cimentar\u00e1n la construcci\u00f3n de una provincia m\u00e1s grande, de una provincia con desarrollo econ\u00f3mico, social, humano y cient\u00edfico; esa Entre R\u00edos plena de trabajo que todos queremos para nuestros hijos. Ese es el recorrido del cual hablaremos este viernes ante el pueblo y sus representantes, tal como nos lo manda la Constituci\u00f3n Provincial\u201d, adelant\u00f3 Bordet al ser consultado.<\/p>\n<p>El acto tendr\u00e1 lugar el viernes 15 de febrero, tal como lo indica la Constituci\u00f3n Provincial. Ser\u00e1 a las 19.<\/p>\n<p>Como es habitual cada a\u00f1o, el mandatario provincial dirigir\u00e1 su mensaje a la totalidad de senadores y diputados provinciales que conforman la Asamblea Legislativa. En esta oportunidad, y haciendo uso de las amplias instalaciones del Centro Provincial de Convenciones, se invitar\u00e1 adem\u00e1s a legisladores nacionales, autoridades de las fuerzas de seguridad, representantes religiosos, empresariales, intendentes, referentes sociales, comunitarios y del deporte entrerriano.<\/p>\n<p>A los efectos de asegurar la publicidad del acto y de la informaci\u00f3n p\u00fablica, el discurso del gobernador ser\u00e1 transmitido en vivo por las redes sociales y por los canales de televisi\u00f3n de la provincia.<\/p>\n<p>\u201cNos convoca el deseo de consolidar una provincia con trabajo, con un proyecto productivo claro y sustentable, con pol\u00edticas p\u00fablicas centradas en la gente, en sus necesidades y con un Estado eficaz, capaz de intervenir en la realidad para llevar justicia social donde hay desigualdad. Y para eso necesitamos ampliar cada vez m\u00e1s la convocatoria, la uni\u00f3n de los entrerrianos es el camino para lograr esos y todav\u00eda m\u00e1s objetivos. Estamos orgullosos de pertenecer a esta provincia hermosa y creemos firmemente en su gente, en su talento y en su capacidad de trabajo\u201d, adelant\u00f3 Bordet.<\/p>\n<p>En ese marco, y de acuerdo a las \u00faltimas intervenciones del gobernador, se espera un discurso vertebrado en torno a los resultados econ\u00f3micos obtenidos por el gobierno provincial. Es de destacar que, a pesar de la volatilidad del contexto nacional, de la creciente inflaci\u00f3n que se registra en el pa\u00eds, de la ca\u00edda de la actividad econ\u00f3mica y de la devaluaci\u00f3n de la moneda nacional, Entre R\u00edos logr\u00f3 aumentar los recursos destinados a salud, educaci\u00f3n y desarrollo social, no despidi\u00f3 a ning\u00fan trabajador, comenz\u00f3 a reducir de manera paulatina la planta de empleados p\u00fablicos, sostuvo el nivel de obras de infraestructura, principalmente centradas en la producci\u00f3n, y redujo su deuda p\u00fablica.<\/p>\n<p>Este ordenamiento de las cuentas p\u00fablicas es uno de los puntos de partida en la explicaci\u00f3n de la situaci\u00f3n de la provincia que a menudo hacen el gobernador y sus funcionarios.<\/p>\n<p>Otro de los temas importantes que se ver\u00e1n reflejados en el discurso tiene que ver con la muy buena performance que el gobierno de la provincia tiene para mostrar en materia de obras de infraestructura. Con recursos mayoritariamente propios, la administraci\u00f3n Bordet super\u00f3 este a\u00f1o los 6.000 millones de pesos en obras. Adem\u00e1s de la infraestructura para la producci\u00f3n, como las obras energ\u00e9ticas en el norte entrerriano, se pueden destacar tambi\u00e9n obras referidas a las defensas contra las inundaciones, obras viales (Entre R\u00edos est\u00e1 cuarta en el ranking de las provincias que m\u00e1s recursos propios invierte en su red vial), el plan de agua potable, obras de saneamiento, educativas y de infraestructura para el deporte.<\/p>\n<p>Entre los puntos salientes de la gesti\u00f3n se encuentran adem\u00e1s la fuerte inversi\u00f3n en Desarrollo Social que la gesti\u00f3n Bordet decidi\u00f3 implementar para revertir el impacto de la crisis que atraviesa el pa\u00eds. Lo dijo el mismo gobernador en diciembre pasado: \u201cEl Estado tiene que garantizar la justicia social\u201d. Por eso se espera un cap\u00edtulo aparte para los numerosos programas que la provincia desarrolla a trav\u00e9s de la cartera social que son, adem\u00e1s, fuentes de historias personales y colectivas de superaci\u00f3n muy necesarias para esta \u00e9poca.<\/p>\n<p>Como sucede cada a\u00f1o, el mensaje del gobernador contendr\u00e1 tambi\u00e9n precisiones sobre los avances en educaci\u00f3n, salud, ni\u00f1ez, seguridad, producci\u00f3n, ambiente y en muchas de las \u00e1reas que componen el Estado provincial. Adem\u00e1s, otro de los cap\u00edtulos importantes del discurso estar\u00e1 centrado en los anuncios que seguramente el mandatario realizar\u00e1 en varios aspectos.<\/p>\n<p>&nbsp;<\/p>\n<p><strong>Mandato constitucional<\/strong><\/p>\n<p>Cabe destacar que el mensaje del gobernador ante la Asamblea Legislativa se da en el marco del art\u00edculo 104\u00b0 de la Constituci\u00f3n de Entre R\u00edos que sostiene que \u201cambas C\u00e1maras se reunir\u00e1n en sesiones ordinarias cada a\u00f1o desde el 15 de febrero hasta el 15 de diciembre\u201d, por lo cual este viernes los legisladores provinciales se reunir\u00e1n en Asamblea para abrir el 140\u00ba per\u00edodo de sesiones ordinarias.<\/p>\n<p>Adem\u00e1s, en el art\u00edculo siguiente la Constituci\u00f3n expresa que \u201cen el mismo acto, el Poder Ejecutivo presentar\u00e1 el mensaje dando cuenta del estado de la administraci\u00f3n\u201d, y en cumplimiento de ello el gobernador Gustavo Bordet dirigir\u00e1 un discurso a fin de dar cuenta de sus actos de gobierno frente al pueblo entrerriano representado en la Asamblea.<\/p>\n","protected":false},"excerpt":{"rendered":"<p>Con un informe sobre el estado general de la administraci\u00f3n p\u00fablica, el gobernador Gustavo Bordet inaugurar\u00e1 este viernes ante la Asamblea Legislativa el 140\u00b0 periodo de sesiones ordinarias de la legislatura entrerriana. Ser\u00e1 en el Centro Provincial de Convenciones y se transmitir\u00e1 en directo &nbsp; &nbsp; &nbsp; \u201cEstos tres a\u00f1os fueron de un trabajo muy intenso, con mucho esfuerzo y participaci\u00f3n. Los entrerrianos nos enfrentamos a grandes desaf\u00edos y obtuvimos resultados y aprendizajes auspiciosos que sin lugar a dudas cimentar\u00e1n la construcci\u00f3n de una provincia m\u00e1s grande, de una provincia&#8230;<\/p>\n","protected":false},"author":3,"featured_media":40424,"comment_status":"closed","ping_status":"closed","sticky":false,"template":"","format":"standard","meta":[],"categories":[9],"tags":[],"_links":{"self":[{"href":"https:\/\/www.actualidadadiario.com\/index.php\/wp-json\/wp\/v2\/posts\/40507"}],"collection":[{"href":"https:\/\/www.actualidadadiario.com\/index.php\/wp-json\/wp\/v2\/posts"}],"about":[{"href":"https:\/\/www.actualidadadiario.com\/index.php\/wp-json\/wp\/v2\/types\/post"}],"author":[{"embeddable":true,"href":"https:\/\/www.actualidadadiario.com\/index.php\/wp-json\/wp\/v2\/users\/3"}],"replies":[{"embeddable":true,"href":"https:\/\/www.actualidadadiario.com\/index.php\/wp-json\/wp\/v2\/comments?post=40507"}],"version-history":[{"count":1,"href":"https:\/\/www.actualidadadiario.com\/index.php\/wp-json\/wp\/v2\/posts\/40507\/revisions"}],"predecessor-version":[{"id":40508,"href":"https:\/\/www.actualidadadiario.com\/index.php\/wp-json\/wp\/v2\/posts\/40507\/revisions\/40508"}],"wp:featuredmedia":[{"embeddable":true,"href":"https:\/\/www.actualidadadiario.com\/index.php\/wp-json\/wp\/v2\/media\/40424"}],"wp:attachment":[{"href":"https:\/\/www.actualidadadiario.com\/index.php\/wp-json\/wp\/v2\/media?parent=40507"}],"wp:term":[{"taxonomy":"category","embeddable":true,"href":"https:\/\/www.actualidadadiario.com\/index.php\/wp-json\/wp\/v2\/categories?post=40507"},{"taxonomy":"post_tag","embeddable":true,"href":"https:\/\/www.actualidadadiario.com\/index.php\/wp-json\/wp\/v2\/tags?post=40507"}],"curies":[{"name":"wp","href":"https:\/\/api.w.org\/{rel}","templated":true}]}}