{"id":4047,"date":"2016-11-07T10:12:07","date_gmt":"2016-11-07T13:12:07","guid":{"rendered":"http:\/\/actualidadadiario.com\/site\/?p=4047"},"modified":"2016-11-07T10:12:07","modified_gmt":"2016-11-07T13:12:07","slug":"polemica-contratacion-de-lombardi-para-tecnopolis","status":"publish","type":"post","link":"https:\/\/www.actualidadadiario.com\/index.php\/2016\/11\/07\/polemica-contratacion-de-lombardi-para-tecnopolis\/","title":{"rendered":"Pol\u00e9mica contrataci\u00f3n de Lombardi para Tecn\u00f3polis"},"content":{"rendered":"<p><em><strong>Hern\u00e1n Lombardi contrat\u00f3 a la productora televisiva del periodista Luis Majul para que realice un video sobre la historia del periodismo. Por el servicio, la oficina del titular del Sistema Federal de Medios pag\u00f3 nada menos que $ 960 mil<\/strong><\/em><\/p>\n<p>&nbsp;<\/p>\n<p>&nbsp;<\/p>\n<p>&nbsp;<\/p>\n<p>&nbsp;<\/p>\n<p>&nbsp;<\/p>\n<p>&nbsp;<\/p>\n<p>Se trata de un video sobre los \u00faltimos 40 a\u00f1os de la historia del periodismo que se difundir\u00e1 en el predio de Tecn\u00f3polis. Lo curioso es que el material en cuesti\u00f3n se exhibe desde hace tiempo en la muestra &#8220;De Walsh a Lanata&#8221;, una iniciativa que Majul promueve desde su productora Margen del Mundo en el barrio porte\u00f1o de Chacarita.<\/p>\n<p>&nbsp;<\/p>\n<p>El video condensa en apenas cuatro minutos los \u00faltimos 40 a\u00f1os de periodismo argentino y fue realizado por Mariano Cohn y Gast\u00f3n Duprat. Calculadora en mano, los resultados son elocuentes: $ 240 mil el minuto.<\/p>\n<p>&nbsp;<\/p>\n<p>Lombardi contrat\u00f3 a Majul a trav\u00e9s de la UNTEF (Universidad de Tres de Febrero) mediante un mecanismo similar al que se utiliz\u00f3 hasta el 10 de diciembre pasado y que tantas veces fuera denunciado por el actual Gobierno como un sistema para pagos discrecionales.<\/p>\n","protected":false},"excerpt":{"rendered":"<p>Hern\u00e1n Lombardi contrat\u00f3 a la productora televisiva del periodista Luis Majul para que realice un video sobre la historia del periodismo. Por el servicio, la oficina del titular del Sistema Federal de Medios pag\u00f3 nada menos que $ 960 mil &nbsp; &nbsp; &nbsp; &nbsp; &nbsp; &nbsp; Se trata de un video sobre los \u00faltimos 40 a\u00f1os de la historia del periodismo que se difundir\u00e1 en el predio de Tecn\u00f3polis. Lo curioso es que el material en cuesti\u00f3n se exhibe desde hace tiempo en la muestra &#8220;De Walsh a Lanata&#8221;, una&#8230;<\/p>\n","protected":false},"author":3,"featured_media":4048,"comment_status":"closed","ping_status":"closed","sticky":false,"template":"","format":"standard","meta":[],"categories":[18],"tags":[],"_links":{"self":[{"href":"https:\/\/www.actualidadadiario.com\/index.php\/wp-json\/wp\/v2\/posts\/4047"}],"collection":[{"href":"https:\/\/www.actualidadadiario.com\/index.php\/wp-json\/wp\/v2\/posts"}],"about":[{"href":"https:\/\/www.actualidadadiario.com\/index.php\/wp-json\/wp\/v2\/types\/post"}],"author":[{"embeddable":true,"href":"https:\/\/www.actualidadadiario.com\/index.php\/wp-json\/wp\/v2\/users\/3"}],"replies":[{"embeddable":true,"href":"https:\/\/www.actualidadadiario.com\/index.php\/wp-json\/wp\/v2\/comments?post=4047"}],"version-history":[{"count":1,"href":"https:\/\/www.actualidadadiario.com\/index.php\/wp-json\/wp\/v2\/posts\/4047\/revisions"}],"predecessor-version":[{"id":4049,"href":"https:\/\/www.actualidadadiario.com\/index.php\/wp-json\/wp\/v2\/posts\/4047\/revisions\/4049"}],"wp:featuredmedia":[{"embeddable":true,"href":"https:\/\/www.actualidadadiario.com\/index.php\/wp-json\/wp\/v2\/media\/4048"}],"wp:attachment":[{"href":"https:\/\/www.actualidadadiario.com\/index.php\/wp-json\/wp\/v2\/media?parent=4047"}],"wp:term":[{"taxonomy":"category","embeddable":true,"href":"https:\/\/www.actualidadadiario.com\/index.php\/wp-json\/wp\/v2\/categories?post=4047"},{"taxonomy":"post_tag","embeddable":true,"href":"https:\/\/www.actualidadadiario.com\/index.php\/wp-json\/wp\/v2\/tags?post=4047"}],"curies":[{"name":"wp","href":"https:\/\/api.w.org\/{rel}","templated":true}]}}