{"id":40467,"date":"2019-02-14T12:11:09","date_gmt":"2019-02-14T15:11:09","guid":{"rendered":"https:\/\/www.actualidadadiario.com\/?p=40467"},"modified":"2019-02-14T12:11:09","modified_gmt":"2019-02-14T15:11:09","slug":"el-jefe-de-los-fiscales-se-nego-a-investigar-a-stornelli","status":"publish","type":"post","link":"https:\/\/www.actualidadadiario.com\/index.php\/2019\/02\/14\/el-jefe-de-los-fiscales-se-nego-a-investigar-a-stornelli\/","title":{"rendered":"El jefe de los fiscales se neg\u00f3 a investigar a Stornelli"},"content":{"rendered":"<p><em><strong>El Procurador que asumi\u00f3 en el cargo durante el gobierno de Mauricio Macri respondi\u00f3 al pedido del juez Ramos Padilla y decidi\u00f3 no involucrarse en la acusaci\u00f3n contra el fiscal favorito de la Casa Rosada. Mir\u00e1 cu\u00e1les fueron sus argumentos<\/strong><\/em><\/p>\n<p>&nbsp;<\/p>\n<p>&nbsp;<\/p>\n<p>&nbsp;<\/p>\n<p>El procurador general de la Naci\u00f3n, Eduardo Casal, rechaz\u00f3 el pedido del juez federal de Dolores, Alejo Ramos Padilla, para que inicie una investigaci\u00f3n interna a ra\u00edz de la denuncia\u00a0 por extorsi\u00f3n contra Carlos Stornelli. De esta manera, el funcionario no ir\u00e1 contra el fiscal amigo del Presidente de la Naci\u00f3n, Mauricio Macri.<\/p>\n<p>&#8220;No es funci\u00f3n del Procurador General de la Naci\u00f3n realizar las medidas que ordena&#8221;, lanz\u00f3 Casal en un escrito con el que intent\u00f3 justificar la pol\u00e9mica decisi\u00f3n.<\/p>\n<p>Seg\u00fan Casal, no es su funci\u00f3n investigar a su subordinado &#8220;m\u00e1s all\u00e1 de lo dispuesto en los art\u00edculos 116 y 120 de la Constituci\u00f3n Nacional&#8221;.<\/p>\n<p>Asegur\u00f3 que las medidas de investigaci\u00f3n son de su jurisdicci\u00f3n &#8220;m\u00e1s a\u00fan cuando por la generalidad con que aparecen formuladas, su realizaci\u00f3n implicar\u00eda un grado de discrecionalidad, valoraci\u00f3n y selecci\u00f3n que son de exclusivo resorte del magistrado a cargo de la investigaci\u00f3n&#8221;.<\/p>\n<p>&#8220;Claro est\u00e1 que se brindar\u00e1 la colaboraci\u00f3n necesaria a la investigaci\u00f3n penal en la medida que ello no implique subrogarse en las facultades que son propias del juez o de la delegaci\u00f3n prevista en el 196 del CPPN&#8221;, remarc\u00f3 intentando bajar el tono.<\/p>\n","protected":false},"excerpt":{"rendered":"<p>El Procurador que asumi\u00f3 en el cargo durante el gobierno de Mauricio Macri respondi\u00f3 al pedido del juez Ramos Padilla y decidi\u00f3 no involucrarse en la acusaci\u00f3n contra el fiscal favorito de la Casa Rosada. Mir\u00e1 cu\u00e1les fueron sus argumentos &nbsp; &nbsp; &nbsp; El procurador general de la Naci\u00f3n, Eduardo Casal, rechaz\u00f3 el pedido del juez federal de Dolores, Alejo Ramos Padilla, para que inicie una investigaci\u00f3n interna a ra\u00edz de la denuncia\u00a0 por extorsi\u00f3n contra Carlos Stornelli. De esta manera, el funcionario no ir\u00e1 contra el fiscal amigo del&#8230;<\/p>\n","protected":false},"author":3,"featured_media":40468,"comment_status":"closed","ping_status":"closed","sticky":false,"template":"","format":"standard","meta":[],"categories":[18],"tags":[],"_links":{"self":[{"href":"https:\/\/www.actualidadadiario.com\/index.php\/wp-json\/wp\/v2\/posts\/40467"}],"collection":[{"href":"https:\/\/www.actualidadadiario.com\/index.php\/wp-json\/wp\/v2\/posts"}],"about":[{"href":"https:\/\/www.actualidadadiario.com\/index.php\/wp-json\/wp\/v2\/types\/post"}],"author":[{"embeddable":true,"href":"https:\/\/www.actualidadadiario.com\/index.php\/wp-json\/wp\/v2\/users\/3"}],"replies":[{"embeddable":true,"href":"https:\/\/www.actualidadadiario.com\/index.php\/wp-json\/wp\/v2\/comments?post=40467"}],"version-history":[{"count":1,"href":"https:\/\/www.actualidadadiario.com\/index.php\/wp-json\/wp\/v2\/posts\/40467\/revisions"}],"predecessor-version":[{"id":40469,"href":"https:\/\/www.actualidadadiario.com\/index.php\/wp-json\/wp\/v2\/posts\/40467\/revisions\/40469"}],"wp:featuredmedia":[{"embeddable":true,"href":"https:\/\/www.actualidadadiario.com\/index.php\/wp-json\/wp\/v2\/media\/40468"}],"wp:attachment":[{"href":"https:\/\/www.actualidadadiario.com\/index.php\/wp-json\/wp\/v2\/media?parent=40467"}],"wp:term":[{"taxonomy":"category","embeddable":true,"href":"https:\/\/www.actualidadadiario.com\/index.php\/wp-json\/wp\/v2\/categories?post=40467"},{"taxonomy":"post_tag","embeddable":true,"href":"https:\/\/www.actualidadadiario.com\/index.php\/wp-json\/wp\/v2\/tags?post=40467"}],"curies":[{"name":"wp","href":"https:\/\/api.w.org\/{rel}","templated":true}]}}