{"id":40464,"date":"2019-02-14T12:09:59","date_gmt":"2019-02-14T15:09:59","guid":{"rendered":"https:\/\/www.actualidadadiario.com\/?p=40464"},"modified":"2019-02-14T12:09:59","modified_gmt":"2019-02-14T15:09:59","slug":"macri-se-resigna-a-que-los-radicales-monopolicen-las-candidaturas-a-gobernador","status":"publish","type":"post","link":"https:\/\/www.actualidadadiario.com\/index.php\/2019\/02\/14\/macri-se-resigna-a-que-los-radicales-monopolicen-las-candidaturas-a-gobernador\/","title":{"rendered":"Macri se resigna a que los radicales monopolicen las candidaturas a gobernador"},"content":{"rendered":"<p><em><strong>Cornejo olfate\u00f3 el repliegue del PRO y avanza en todas las provincias. La Rosada mira al nuevo Congreso<\/strong><\/em><\/p>\n<p>&nbsp;<\/p>\n<p>&nbsp;<\/p>\n<p>&nbsp;<\/p>\n<p>Mauricio Macri se est\u00e1 resignando a que los radicales se queden con pr\u00e1cticamente la totalidad de los gobernadores de Cambiemos en el interior.<\/p>\n<p>Luego del triunfo en las elecciones de 2017, en la Rosada se entusiasmaron con engrosar el n\u00famero de gobernadores del macrismo puro en las elecciones ejecutivas subsiguientes.<\/p>\n<p>En s\u00f3lo dos a\u00f1os ese entusiasmo se esfum\u00f3, en parte por la estrategia de Marcos Pe\u00f1a de postergar el armado territorial m\u00e1s t\u00edpico de los partidos tradicionales y unificar los flashes en la figura de Macri.<\/p>\n<p>Los radicales tomaron nota de que con esa estrategia varios de los postulantes que hab\u00edan ganado en sus provincias en 2017 ahora pueden perder con el peronismo en distritos que parec\u00edan propicios para un triunfo de Cambiemos, como Santa Cruz, La Rioja, C\u00f3rdoba, Santa Fe, Neuqu\u00e9n, Chubut y Salta y decidieron potenciar a sus propios candidatos.<\/p>\n<p>La avanzada del titular de la UCR, Alfredo Cornejo, fue notoria en los \u00faltimos d\u00edas. Primero decidi\u00f3 desdoblar las elecciones mendocinas y luego impuso un candidato que no era de la preferencia de Macri. Despu\u00e9s puso a la candidata en R\u00edo Negro, Lorena Matzen y corri\u00f3 al elegido de la Rosada, Sergio Wisky. Horas m\u00e1s tarde, Cornejo intervino la UCR de Santa Fe por pedido del candidato radical en el distrito, Jos\u00e9 Corral.<\/p>\n<p>Como otros macristas que meses atr\u00e1s so\u00f1aban con el sill\u00f3n provincial, Wisky qued\u00f3 atrapado en una resoluci\u00f3n de Cambiemos para que los candidatos a gobernadores de los distritos que desdoblaron no puedan postularse a legisladores nacionales en octubre. Wisky prefiri\u00f3 aferrarse a la banca y no inmolarse contra la familia Soria.<\/p>\n<p>Tras oler el repliegue del macrismo, que tuvo su cl\u00edmax con la explosi\u00f3n en C\u00f3rdoba, los radicales est\u00e1n dispuestos a disputar todas las candidaturas. En Entre R\u00edos lograr\u00e1n imponer a Atilio Benedetti, en Chubut a Gustavo Menna, en La Rioja a Julio Mart\u00ednez y en Tucum\u00e1n a quien mida mejor entre Alfonso Prat Gay, Silvia El\u00edas de P\u00e9rez y Jos\u00e9 Cano. En enero los radicales ya hab\u00edan sepultado la candidatura del pastor David Schlereth en Neuqu\u00e9n y lograron imponer al infatigable Horacio &#8220;Pechi&#8221; Quiroga.<\/p>\n<p>Acaso las \u00fanicas chances del macrismo puro de colar un candidato a gobernador, adem\u00e1s de los ya firmes Mar\u00eda Eugenia Vidal, Horacio Rodr\u00edguez Larreta y Carlos Mac Allister, se produzca en Mendoza y Santa Fe, donde asoman primarias entre radicales y macristas. Como en el PRO no quieren que haya un enfrentamiento entre partidos, analizan llevar candidatos radicales en las f\u00f3rmulas del mendocino Omar de Marchi y del santafesino Federico Angelini. En Salta el candidato no ser\u00e1 radical, pero Macri lo compartir\u00e1 con Sergio Massa.<\/p>\n<p>En este contexto, en el macrismo se conforman con colar la mayor cantidad de postulantes propios en las listas de legisladores nacionales, a sabiendas de que en la pr\u00f3xima conformaci\u00f3n del Congreso Macri tendr\u00e1 un panorama a\u00fan m\u00e1s complicado que el actual, con un bloque del kirchnerismo que podr\u00eda llegar al centenar de bancas en Diputados y una bancada de senadores superior al del dialoguista Miguel Pichetto.<\/p>\n<p>Otra de las contraprestaciones en favor de Macri por la capitulaci\u00f3n ante los radicales ser\u00eda la de llevar a sus otrora candidatos a gobernadores como postulantes en ciudades importantes de cada provincia. Una escasa cuota de poder para un presidente.<\/p>\n","protected":false},"excerpt":{"rendered":"<p>Cornejo olfate\u00f3 el repliegue del PRO y avanza en todas las provincias. La Rosada mira al nuevo Congreso &nbsp; &nbsp; &nbsp; Mauricio Macri se est\u00e1 resignando a que los radicales se queden con pr\u00e1cticamente la totalidad de los gobernadores de Cambiemos en el interior. Luego del triunfo en las elecciones de 2017, en la Rosada se entusiasmaron con engrosar el n\u00famero de gobernadores del macrismo puro en las elecciones ejecutivas subsiguientes. En s\u00f3lo dos a\u00f1os ese entusiasmo se esfum\u00f3, en parte por la estrategia de Marcos Pe\u00f1a de postergar el&#8230;<\/p>\n","protected":false},"author":3,"featured_media":40465,"comment_status":"closed","ping_status":"closed","sticky":false,"template":"","format":"standard","meta":[],"categories":[18],"tags":[],"_links":{"self":[{"href":"https:\/\/www.actualidadadiario.com\/index.php\/wp-json\/wp\/v2\/posts\/40464"}],"collection":[{"href":"https:\/\/www.actualidadadiario.com\/index.php\/wp-json\/wp\/v2\/posts"}],"about":[{"href":"https:\/\/www.actualidadadiario.com\/index.php\/wp-json\/wp\/v2\/types\/post"}],"author":[{"embeddable":true,"href":"https:\/\/www.actualidadadiario.com\/index.php\/wp-json\/wp\/v2\/users\/3"}],"replies":[{"embeddable":true,"href":"https:\/\/www.actualidadadiario.com\/index.php\/wp-json\/wp\/v2\/comments?post=40464"}],"version-history":[{"count":1,"href":"https:\/\/www.actualidadadiario.com\/index.php\/wp-json\/wp\/v2\/posts\/40464\/revisions"}],"predecessor-version":[{"id":40466,"href":"https:\/\/www.actualidadadiario.com\/index.php\/wp-json\/wp\/v2\/posts\/40464\/revisions\/40466"}],"wp:featuredmedia":[{"embeddable":true,"href":"https:\/\/www.actualidadadiario.com\/index.php\/wp-json\/wp\/v2\/media\/40465"}],"wp:attachment":[{"href":"https:\/\/www.actualidadadiario.com\/index.php\/wp-json\/wp\/v2\/media?parent=40464"}],"wp:term":[{"taxonomy":"category","embeddable":true,"href":"https:\/\/www.actualidadadiario.com\/index.php\/wp-json\/wp\/v2\/categories?post=40464"},{"taxonomy":"post_tag","embeddable":true,"href":"https:\/\/www.actualidadadiario.com\/index.php\/wp-json\/wp\/v2\/tags?post=40464"}],"curies":[{"name":"wp","href":"https:\/\/api.w.org\/{rel}","templated":true}]}}