{"id":40461,"date":"2019-02-14T12:09:21","date_gmt":"2019-02-14T15:09:21","guid":{"rendered":"https:\/\/www.actualidadadiario.com\/?p=40461"},"modified":"2019-02-14T12:09:21","modified_gmt":"2019-02-14T15:09:21","slug":"cornejo-intervino-la-ucr-de-santa-fe-porque-no-rompieron-con-lifschitz","status":"publish","type":"post","link":"https:\/\/www.actualidadadiario.com\/index.php\/2019\/02\/14\/cornejo-intervino-la-ucr-de-santa-fe-porque-no-rompieron-con-lifschitz\/","title":{"rendered":"Cornejo intervino la UCR de Santa Fe porque no rompieron con Lifschitz"},"content":{"rendered":"<p><em><strong>Luego del pedido de Corral, la UCR intervino el distrito hasta el 1 de diciembre<\/strong><\/em><\/p>\n<p>&nbsp;<\/p>\n<p>&nbsp;<\/p>\n<p>&nbsp;<\/p>\n<p>Alfredo Cornejo dispuso la intervenci\u00f3n de la UCR de Santa Fe luego de que el partido provincial decidiera continuar dentro del Frente Progresista con el socialismo que encabeza Miguel Lifschitz.<\/p>\n<p>Como adelant\u00f3 LPO, en el sector Universidad, que lidera Jos\u00e9 Corral (uno de los anotados para pelear la gobernaci\u00f3n por Cambiemos), le pidieron a Cornejo que interviniera el distrito\u00a0 luego de que su Convenci\u00f3n partidaria definiese por amplia mayor\u00eda mantener su alianza con el socialismo.<\/p>\n<p>&#8220;La Mesa Directiva del Comit\u00e9 Nacional de la UCR resolvi\u00f3 este mi\u00e9rcoles intervenir hasta el 1 de diciembre la Convenci\u00f3n del radicalismo de Santa Fe -en virtud de encontrarse vencidos todos los mandatos-, y designar una intervenci\u00f3n que tendr\u00e1, entre otras misiones, la de inscribir a la UCR santafesina como parte de la alianza Cambiemos de cara al proceso electoral que en esa provincia tendr\u00e1 las PASO el 28 de abril, y elecciones generales el 16 de junio&#8221;, inform\u00f3 el partido en un comunicado.<\/p>\n<p>Del c\u00f3nclave, en la hist\u00f3rica sede de la calle Alsina, participaron adem\u00e1s de Cornejo, otros integrantes de la c\u00fapula del partido, como Jos\u00e9 Cano (secretario General), Ricardo Colombi (vicepresidente tercero) y los secretarios, Rafael Pascual, Soledad Carrizo y Corral, entre otros.<\/p>\n<p>La intervenci\u00f3n promete una dura interna en el radicalismo santafesino hasta el cierre de listas. Un importante dirigente que pidi\u00f3 preservar su nombre consider\u00f3 ante LPO que el pedido de intervenci\u00f3n que hizo Corral &#8220;es un manotazo de ahogado y no respeta lo establecido en la Convenci\u00f3n de Gualeguaych\u00fa&#8221; donde se fund\u00f3 Cambiemos.<\/p>\n","protected":false},"excerpt":{"rendered":"<p>Luego del pedido de Corral, la UCR intervino el distrito hasta el 1 de diciembre &nbsp; &nbsp; &nbsp; Alfredo Cornejo dispuso la intervenci\u00f3n de la UCR de Santa Fe luego de que el partido provincial decidiera continuar dentro del Frente Progresista con el socialismo que encabeza Miguel Lifschitz. Como adelant\u00f3 LPO, en el sector Universidad, que lidera Jos\u00e9 Corral (uno de los anotados para pelear la gobernaci\u00f3n por Cambiemos), le pidieron a Cornejo que interviniera el distrito\u00a0 luego de que su Convenci\u00f3n partidaria definiese por amplia mayor\u00eda mantener su alianza&#8230;<\/p>\n","protected":false},"author":3,"featured_media":40462,"comment_status":"closed","ping_status":"closed","sticky":false,"template":"","format":"standard","meta":[],"categories":[18],"tags":[],"_links":{"self":[{"href":"https:\/\/www.actualidadadiario.com\/index.php\/wp-json\/wp\/v2\/posts\/40461"}],"collection":[{"href":"https:\/\/www.actualidadadiario.com\/index.php\/wp-json\/wp\/v2\/posts"}],"about":[{"href":"https:\/\/www.actualidadadiario.com\/index.php\/wp-json\/wp\/v2\/types\/post"}],"author":[{"embeddable":true,"href":"https:\/\/www.actualidadadiario.com\/index.php\/wp-json\/wp\/v2\/users\/3"}],"replies":[{"embeddable":true,"href":"https:\/\/www.actualidadadiario.com\/index.php\/wp-json\/wp\/v2\/comments?post=40461"}],"version-history":[{"count":1,"href":"https:\/\/www.actualidadadiario.com\/index.php\/wp-json\/wp\/v2\/posts\/40461\/revisions"}],"predecessor-version":[{"id":40463,"href":"https:\/\/www.actualidadadiario.com\/index.php\/wp-json\/wp\/v2\/posts\/40461\/revisions\/40463"}],"wp:featuredmedia":[{"embeddable":true,"href":"https:\/\/www.actualidadadiario.com\/index.php\/wp-json\/wp\/v2\/media\/40462"}],"wp:attachment":[{"href":"https:\/\/www.actualidadadiario.com\/index.php\/wp-json\/wp\/v2\/media?parent=40461"}],"wp:term":[{"taxonomy":"category","embeddable":true,"href":"https:\/\/www.actualidadadiario.com\/index.php\/wp-json\/wp\/v2\/categories?post=40461"},{"taxonomy":"post_tag","embeddable":true,"href":"https:\/\/www.actualidadadiario.com\/index.php\/wp-json\/wp\/v2\/tags?post=40461"}],"curies":[{"name":"wp","href":"https:\/\/api.w.org\/{rel}","templated":true}]}}