{"id":40446,"date":"2019-02-14T12:04:04","date_gmt":"2019-02-14T15:04:04","guid":{"rendered":"https:\/\/www.actualidadadiario.com\/?p=40446"},"modified":"2019-02-14T12:04:04","modified_gmt":"2019-02-14T15:04:04","slug":"peligran-cinco-mil-empleos-metalurgicos-en-rosario-y-piden-que-se-declare-la-emergencia","status":"publish","type":"post","link":"https:\/\/www.actualidadadiario.com\/index.php\/2019\/02\/14\/peligran-cinco-mil-empleos-metalurgicos-en-rosario-y-piden-que-se-declare-la-emergencia\/","title":{"rendered":"Peligran cinco mil empleos metal\u00fargicos en Rosario y piden que se declare la emergencia"},"content":{"rendered":"<p><em><strong>En los \u00faltimos tres meses cerraron 46 pymes ligadas a la metalmec\u00e1nica y aumentaron los procesos preventivos de crisis<\/strong><\/em><\/p>\n<p>&nbsp;<\/p>\n<p>&nbsp;<\/p>\n<p>&nbsp;<\/p>\n<p>Seg\u00fan datos del Indec, el segundo semestre del 2018 la producci\u00f3n industrial manufacturera sufri\u00f3 una ca\u00edda del 10,3%, un registro comparable a los de la crisis del 2002. Particularmente el sector metal\u00fargico es uno de los m\u00e1s castigados, seg\u00fan revel\u00f3 la Uni\u00f3n Obrera Metal\u00fargica de Rosario.<\/p>\n<p>En los \u00faltimos cuatro meses cerraron 46 pymes metalmec\u00e1nicas y se perdieron 850 puestos de trabajo, inform\u00f3 Antonio Donello, secretario general de la UOM. Adem\u00e1s, hay 5.400 empleos en riesgo que pertenecen a empresas que se encuentran en procesos preventivos de crisis.<\/p>\n<p>&#8220;Si esto no cambia, estos puestos de trabajo corren peligro&#8221;, asegur\u00f3 Donello en di\u00e1logo con LPO. El dirigente gremial adelant\u00f3 que en marzo se realizar\u00e1 una marcha desde Rosario a Buenos Aires exigiendo el cambio del rumbo econ\u00f3mico. La novedad es que acompa\u00f1ar\u00edan los empresarios. &#8220;No se extra\u00f1en si en marzo ven marchar a los empresarios y a los trabajadores juntos en defensa de la industria y el trabajo. Estamos trabajando junto a los empresarios porque la situaci\u00f3n no se sostiene m\u00e1s y nos est\u00e1n pidiendo que hagamos algo en conjunto&#8221;.<\/p>\n<p>Por tal motivo, la diputada nacional Lucila de Ponti elabor\u00f3 un proyecto para que el Congreso &#8220;declare la emergencia en la actividad metal\u00fargica y se suspendan los despidos y los aumentos de tarifa en las pymes&#8221;, explic\u00f3 la legisladora.<\/p>\n<p>Por su parte, el concejal del Movimiento Evita, Eduardo Toniolli, pedir\u00e1 en el Concejo Municipal de Rosario que el programa de compre local municipal se extienda a la provincia. &#8220;La mayor\u00eda de la inversi\u00f3n en la ciudad se hacen con programas del gobierno provincial, por eso queremos que se garantice la provisi\u00f3n de insumos y maquinarias con proveedores locales&#8221;, propuso el edil.<\/p>\n<p>Por otra parte, el gerente de una pyme dedicada a la fundici\u00f3n que fabrica piezas para la industria de camiones y semirremolques pint\u00f3 un panorama desolador con una ca\u00edda de la demanda entre un 50 a un 75 por ciento.<\/p>\n<p>&#8220;En nuestro sector la baja en la demanda se refleja en la ca\u00edda del patentamiento de semirremolques que baj\u00f3 m\u00e1s del 50 por ciento&#8221;, asever\u00f3 la fuente quien explic\u00f3 que esa disminuci\u00f3n del mercado del producto final genera un efecto domin\u00f3 hacia toda la cadena productiva. &#8220;Nosotros fabricamos piezas de fundici\u00f3n para la confecci\u00f3n de ejes para los semirremolques y desde junio muchas terminales cancelaron las compras y la demanda cay\u00f3 entre un 50 y un 75 por ciento&#8221;, agreg\u00f3<\/p>\n<p>Adem\u00e1s, la apertura de importaciones y los aumentos tarifarios profundizaron la crisis del sector. En este caso, la empresa pas\u00f3 de pagar 150 mil pesos de luz a m\u00e1s de dos millones. &#8220;Hoy estamos a punto del cierre con acuerdo concursal, adelantamos vacaciones y en procedimiento preventivo de crisis&#8221;, admiti\u00f3 el gerente de la pyme que emplea a 80 trabajadores.<\/p>\n<p>Por otra parte, el proyecto de los bitrenes, impulsado por Guillermo Dietrich que promet\u00eda darle al sector un gran impulso al sector &#8220;nos benefici\u00f3 pero muy poco y no alcanza a nivelar la ca\u00edda de ventas&#8221;.<\/p>\n<p>&#8220;Los bitrenes hicieron que el desplome fuese un poco m\u00e1s amortiguado pero no alcanza para sostener el mercado. Esperemos que esta situaci\u00f3n se revierta y que se recupere la econom\u00eda, nosotros la seguimos peleando pero no es f\u00e1cil&#8221;, concluy\u00f3 el empresario.<\/p>\n","protected":false},"excerpt":{"rendered":"<p>En los \u00faltimos tres meses cerraron 46 pymes ligadas a la metalmec\u00e1nica y aumentaron los procesos preventivos de crisis &nbsp; &nbsp; &nbsp; Seg\u00fan datos del Indec, el segundo semestre del 2018 la producci\u00f3n industrial manufacturera sufri\u00f3 una ca\u00edda del 10,3%, un registro comparable a los de la crisis del 2002. Particularmente el sector metal\u00fargico es uno de los m\u00e1s castigados, seg\u00fan revel\u00f3 la Uni\u00f3n Obrera Metal\u00fargica de Rosario. En los \u00faltimos cuatro meses cerraron 46 pymes metalmec\u00e1nicas y se perdieron 850 puestos de trabajo, inform\u00f3 Antonio Donello, secretario general de&#8230;<\/p>\n","protected":false},"author":3,"featured_media":39800,"comment_status":"closed","ping_status":"closed","sticky":false,"template":"","format":"standard","meta":[],"categories":[2],"tags":[],"_links":{"self":[{"href":"https:\/\/www.actualidadadiario.com\/index.php\/wp-json\/wp\/v2\/posts\/40446"}],"collection":[{"href":"https:\/\/www.actualidadadiario.com\/index.php\/wp-json\/wp\/v2\/posts"}],"about":[{"href":"https:\/\/www.actualidadadiario.com\/index.php\/wp-json\/wp\/v2\/types\/post"}],"author":[{"embeddable":true,"href":"https:\/\/www.actualidadadiario.com\/index.php\/wp-json\/wp\/v2\/users\/3"}],"replies":[{"embeddable":true,"href":"https:\/\/www.actualidadadiario.com\/index.php\/wp-json\/wp\/v2\/comments?post=40446"}],"version-history":[{"count":1,"href":"https:\/\/www.actualidadadiario.com\/index.php\/wp-json\/wp\/v2\/posts\/40446\/revisions"}],"predecessor-version":[{"id":40447,"href":"https:\/\/www.actualidadadiario.com\/index.php\/wp-json\/wp\/v2\/posts\/40446\/revisions\/40447"}],"wp:featuredmedia":[{"embeddable":true,"href":"https:\/\/www.actualidadadiario.com\/index.php\/wp-json\/wp\/v2\/media\/39800"}],"wp:attachment":[{"href":"https:\/\/www.actualidadadiario.com\/index.php\/wp-json\/wp\/v2\/media?parent=40446"}],"wp:term":[{"taxonomy":"category","embeddable":true,"href":"https:\/\/www.actualidadadiario.com\/index.php\/wp-json\/wp\/v2\/categories?post=40446"},{"taxonomy":"post_tag","embeddable":true,"href":"https:\/\/www.actualidadadiario.com\/index.php\/wp-json\/wp\/v2\/tags?post=40446"}],"curies":[{"name":"wp","href":"https:\/\/api.w.org\/{rel}","templated":true}]}}