{"id":40444,"date":"2019-02-14T12:03:27","date_gmt":"2019-02-14T15:03:27","guid":{"rendered":"https:\/\/www.actualidadadiario.com\/?p=40444"},"modified":"2019-02-14T12:03:27","modified_gmt":"2019-02-14T15:03:27","slug":"la-inflacion-afecto-directamente-el-precio-de-la-canasta-escolar","status":"publish","type":"post","link":"https:\/\/www.actualidadadiario.com\/index.php\/2019\/02\/14\/la-inflacion-afecto-directamente-el-precio-de-la-canasta-escolar\/","title":{"rendered":"La inflaci\u00f3n afect\u00f3 directamente el precio de la canasta escolar"},"content":{"rendered":"<p><em><strong>Los \u00fatiles y la ropa para el colegio registaron un significativo aumento y los productos de consumo b\u00e1sico est\u00e1n un 56% m\u00e1s caros que en 2018, seg\u00fan inform\u00f3 un estudio de la Defensor\u00eda del Pueblo de la Provincia. El relevamiento en territorio bonaerense de \u00fatiles y ropa escolar indic\u00f3 que este a\u00f1o una familia pagar\u00e1 en promedio $5.439,45<\/strong><\/em><\/p>\n<p>&nbsp;<\/p>\n<p>&nbsp;<\/p>\n<p>&nbsp;<\/p>\n<p>Como consecuencia del elevado \u00edndice de inflaci\u00f3n, los \u00fatiles y la ropa para el colegio registraron un significativo aumento y los productos de consumo b\u00e1sico est\u00e1n un 56% m\u00e1s caros que en 2018, seg\u00fan inform\u00f3 un estudio de la Defensor\u00eda del Pueblo de la Provincia.<\/p>\n<p>El relevamiento indic\u00f3 que en 2018 una familia pag\u00f3 en promedio $3.489,07 y que este a\u00f1o el importe alcanza los $5.439,45. El producto que m\u00e1s se encareci\u00f3 fueron las zapatillas deportivas escolares, con un incremento de 63%. Luego vienen los \u00fatiles, con un 59%, y la indumentaria escolar, con 34,55%.<\/p>\n<p>En cuanto a los \u00fatiles, espec\u00edficamente, el repuesto de hojas blancas N\u00b05 es el que m\u00e1s se encareci\u00f3, con un incremento de 123,83%. El segundo lugar est\u00e1 la goma para l\u00e1piz, con 104,95%. La cinta adhesiva escal\u00f3 un 101,27%, las hojas N\u00b05 de color, 96,18%, y las fibras y el block A4 de 80 hojas, 87%.<\/p>\n<p>Por su parte el defensor del pueblo, Guido Lorenzino, sostuvo: &#8220;Se trata de otro indicador de lo dif\u00edcil que se le hace a una familia encarar el d\u00eda a d\u00eda. Los aumentos en todos los rubros golpean de lleno a los ciudadanos, pero sobre todo afectan con dureza a los m\u00e1s vulnerables\u201d.<\/p>\n","protected":false},"excerpt":{"rendered":"<p>Los \u00fatiles y la ropa para el colegio registaron un significativo aumento y los productos de consumo b\u00e1sico est\u00e1n un 56% m\u00e1s caros que en 2018, seg\u00fan inform\u00f3 un estudio de la Defensor\u00eda del Pueblo de la Provincia. El relevamiento en territorio bonaerense de \u00fatiles y ropa escolar indic\u00f3 que este a\u00f1o una familia pagar\u00e1 en promedio $5.439,45 &nbsp; &nbsp; &nbsp; Como consecuencia del elevado \u00edndice de inflaci\u00f3n, los \u00fatiles y la ropa para el colegio registraron un significativo aumento y los productos de consumo b\u00e1sico est\u00e1n un 56% m\u00e1s&#8230;<\/p>\n","protected":false},"author":3,"featured_media":40043,"comment_status":"closed","ping_status":"closed","sticky":false,"template":"","format":"standard","meta":[],"categories":[2],"tags":[],"_links":{"self":[{"href":"https:\/\/www.actualidadadiario.com\/index.php\/wp-json\/wp\/v2\/posts\/40444"}],"collection":[{"href":"https:\/\/www.actualidadadiario.com\/index.php\/wp-json\/wp\/v2\/posts"}],"about":[{"href":"https:\/\/www.actualidadadiario.com\/index.php\/wp-json\/wp\/v2\/types\/post"}],"author":[{"embeddable":true,"href":"https:\/\/www.actualidadadiario.com\/index.php\/wp-json\/wp\/v2\/users\/3"}],"replies":[{"embeddable":true,"href":"https:\/\/www.actualidadadiario.com\/index.php\/wp-json\/wp\/v2\/comments?post=40444"}],"version-history":[{"count":1,"href":"https:\/\/www.actualidadadiario.com\/index.php\/wp-json\/wp\/v2\/posts\/40444\/revisions"}],"predecessor-version":[{"id":40445,"href":"https:\/\/www.actualidadadiario.com\/index.php\/wp-json\/wp\/v2\/posts\/40444\/revisions\/40445"}],"wp:featuredmedia":[{"embeddable":true,"href":"https:\/\/www.actualidadadiario.com\/index.php\/wp-json\/wp\/v2\/media\/40043"}],"wp:attachment":[{"href":"https:\/\/www.actualidadadiario.com\/index.php\/wp-json\/wp\/v2\/media?parent=40444"}],"wp:term":[{"taxonomy":"category","embeddable":true,"href":"https:\/\/www.actualidadadiario.com\/index.php\/wp-json\/wp\/v2\/categories?post=40444"},{"taxonomy":"post_tag","embeddable":true,"href":"https:\/\/www.actualidadadiario.com\/index.php\/wp-json\/wp\/v2\/tags?post=40444"}],"curies":[{"name":"wp","href":"https:\/\/api.w.org\/{rel}","templated":true}]}}