{"id":40441,"date":"2019-02-14T12:02:27","date_gmt":"2019-02-14T15:02:27","guid":{"rendered":"https:\/\/www.actualidadadiario.com\/?p=40441"},"modified":"2019-02-14T12:02:27","modified_gmt":"2019-02-14T15:02:27","slug":"el-partido-del-trabajo-y-del-pueblo-explico-las-razones-por-las-que-se-sumo-al-frente-creer","status":"publish","type":"post","link":"https:\/\/www.actualidadadiario.com\/index.php\/2019\/02\/14\/el-partido-del-trabajo-y-del-pueblo-explico-las-razones-por-las-que-se-sumo-al-frente-creer\/","title":{"rendered":"El Partido del Trabajo y del Pueblo explic\u00f3 las razones por las que se sum\u00f3 al Frente Creer"},"content":{"rendered":"<p><em><strong>El Partido del Trabajo y del Pueblo dijo que apost\u00f3 a la unidad para evitar que \u201cse agudice el padecimiento de los sectores populares\u201d. Cuestion\u00f3 duramente al gobierno de Macri y habl\u00f3 de \u201cderrotar a Cambiemos\u201d en las elecciones<\/strong><\/em><\/p>\n<p>&nbsp;<\/p>\n<p>&nbsp;<\/p>\n<p>&nbsp;<\/p>\n<p>\u201cLa situaci\u00f3n de padecimiento que est\u00e1 viviendo nuestro pueblo es intolerable. Por eso desde el Partido del Trabajo y del Pueblo (PTP) de Entre R\u00edos, hemos llamado a todas las fuerzas pol\u00edticas a la m\u00e1s amplia unidad para derrotar a Cambiemos con un Frente program\u00e1tico, p\u00fablico y equitativo a favor del pueblo y la provincia que evite la profundizaci\u00f3n del ajuste, el avance de Cambiemos en la provincia y debilite al macrismo de cara a las elecciones de octubre\u201d, se\u00f1al\u00f3 el Partido en un comunicado.<\/p>\n<p>Explic\u00f3 adem\u00e1s que se pusieron \u201cpor delante las coincidencias y necesidades de los ciudadanos para evitar, con propuestas concretas, que se agudice el padecimiento de los sectores populares\u201d.\u00a0 A su vez ratific\u00f3 su \u201cfirme decisi\u00f3n sostener la lucha en las calles como lo hemos venido haciendo en todos los sectores sociales en que tenemos desarrollo para defender los derechos y seguir peleando por las reivindicaciones de los trabajadores y el pueblo\u201d.<\/p>\n<p>\u201cLas consecuencias de las pol\u00edticas del gobierno de Mauricio Macri son nefastas y su verdadera cara son el endeudamiento feroz con el FMI, hambre, pobreza, desocupaci\u00f3n y p\u00e9rdida del poder adquisitivo. Los tarifazos, la inflaci\u00f3n, los despidos, los cierres de f\u00e1bricas y comercios, el recorte de presupuestos, el achique del Estado, la violencia de g\u00e9nero y los femicidios con miles de familias empujadas a la pobreza. Por eso, reafirmamos nuestro compromiso de seguir trabajando en la misma l\u00ednea que lo hemos hecho durante estos a\u00f1os, peleando por unir a todos los sectores posibles en las calles y en las urnas por una salida a favor del pueblo\u201d, concluye.<\/p>\n","protected":false},"excerpt":{"rendered":"<p>El Partido del Trabajo y del Pueblo dijo que apost\u00f3 a la unidad para evitar que \u201cse agudice el padecimiento de los sectores populares\u201d. Cuestion\u00f3 duramente al gobierno de Macri y habl\u00f3 de \u201cderrotar a Cambiemos\u201d en las elecciones &nbsp; &nbsp; &nbsp; \u201cLa situaci\u00f3n de padecimiento que est\u00e1 viviendo nuestro pueblo es intolerable. Por eso desde el Partido del Trabajo y del Pueblo (PTP) de Entre R\u00edos, hemos llamado a todas las fuerzas pol\u00edticas a la m\u00e1s amplia unidad para derrotar a Cambiemos con un Frente program\u00e1tico, p\u00fablico y equitativo&#8230;<\/p>\n","protected":false},"author":3,"featured_media":40442,"comment_status":"closed","ping_status":"closed","sticky":false,"template":"","format":"standard","meta":[],"categories":[15],"tags":[],"_links":{"self":[{"href":"https:\/\/www.actualidadadiario.com\/index.php\/wp-json\/wp\/v2\/posts\/40441"}],"collection":[{"href":"https:\/\/www.actualidadadiario.com\/index.php\/wp-json\/wp\/v2\/posts"}],"about":[{"href":"https:\/\/www.actualidadadiario.com\/index.php\/wp-json\/wp\/v2\/types\/post"}],"author":[{"embeddable":true,"href":"https:\/\/www.actualidadadiario.com\/index.php\/wp-json\/wp\/v2\/users\/3"}],"replies":[{"embeddable":true,"href":"https:\/\/www.actualidadadiario.com\/index.php\/wp-json\/wp\/v2\/comments?post=40441"}],"version-history":[{"count":1,"href":"https:\/\/www.actualidadadiario.com\/index.php\/wp-json\/wp\/v2\/posts\/40441\/revisions"}],"predecessor-version":[{"id":40443,"href":"https:\/\/www.actualidadadiario.com\/index.php\/wp-json\/wp\/v2\/posts\/40441\/revisions\/40443"}],"wp:featuredmedia":[{"embeddable":true,"href":"https:\/\/www.actualidadadiario.com\/index.php\/wp-json\/wp\/v2\/media\/40442"}],"wp:attachment":[{"href":"https:\/\/www.actualidadadiario.com\/index.php\/wp-json\/wp\/v2\/media?parent=40441"}],"wp:term":[{"taxonomy":"category","embeddable":true,"href":"https:\/\/www.actualidadadiario.com\/index.php\/wp-json\/wp\/v2\/categories?post=40441"},{"taxonomy":"post_tag","embeddable":true,"href":"https:\/\/www.actualidadadiario.com\/index.php\/wp-json\/wp\/v2\/tags?post=40441"}],"curies":[{"name":"wp","href":"https:\/\/api.w.org\/{rel}","templated":true}]}}