{"id":40438,"date":"2019-02-14T12:01:44","date_gmt":"2019-02-14T15:01:44","guid":{"rendered":"https:\/\/www.actualidadadiario.com\/?p=40438"},"modified":"2019-02-14T12:01:44","modified_gmt":"2019-02-14T15:01:44","slug":"20-postulantes-para-la-camara-de-casacion-penal-de-concordia","status":"publish","type":"post","link":"https:\/\/www.actualidadadiario.com\/index.php\/2019\/02\/14\/20-postulantes-para-la-camara-de-casacion-penal-de-concordia\/","title":{"rendered":"20 postulantes para la C\u00e1mara de Casaci\u00f3n Penal de Concordia"},"content":{"rendered":"<p><em><strong>El Consejo de la Magistratura de la provincia public\u00f3 el listado final de postulantes a ocupar los tres cargos de vocales de la C\u00e1mara de Casaci\u00f3n Penal de Concordia, que finalmente tendr\u00e1 20 aspirantes. Dentro de los anotados, est\u00e1n los tres jueces que provisoriamente ocupan esos cargos por designaci\u00f3n del Superior Tribunal de Justicia<\/strong><\/em><\/p>\n<p>&nbsp;<\/p>\n<p>&nbsp;<\/p>\n<p>&nbsp;<\/p>\n<p>A trav\u00e9s de la resoluci\u00f3n 246 del Consejo de la Magistratura, el organismo que se encarga del proceso de selecci\u00f3n de los jueces public\u00f3 el listado definitivo de quienes podr\u00e1n competir por los tres cargos de la C\u00e1mara de Casaci\u00f3n Penal de Concordia.<\/p>\n<p>Dentro de la n\u00f3mina, figuran Dar\u00edo Gustavo Perroud; An\u00edbal Lafourcade y Silvina Isabel Gallo, los vocales que hoy por hoy ejercen los cargos en la C\u00e1mara en forma interina, por resoluci\u00f3n del Superior Tribunal de Justicia.<\/p>\n<p>&nbsp;<\/p>\n<p><strong>Completan el listado:<\/strong><\/p>\n<p>Mat\u00edas Ra\u00fal Arguello De La Vega<\/p>\n<p>Gonzalo Badano<\/p>\n<p>Edwin Ives Bastian<\/p>\n<p>Mar\u00eda Evangelina Bruzzo<\/p>\n<p>Jos\u00e9 Daniel Costa<\/p>\n<p>Mario Andr\u00e9s Figueroa<\/p>\n<p>Alberto Funes Palacios<\/p>\n<p>Pablo Garrera Allende<\/p>\n<p>Mar\u00eda Del Lujan Giorgio<\/p>\n<p>Maximiliano Otto Larocca Rees<\/p>\n<p>Francisco Rafael Ledesma<\/p>\n<p>Carolina Lopez Bernis<\/p>\n<p>Luis Malvasio<\/p>\n<p>Dar\u00edo Guillermo Mautone<\/p>\n<p>Jos\u00e9 Luis Mar\u00eda Morrison<\/p>\n<p>Guillermo Roberto Mulet<\/p>\n<p>Nelson Jos\u00e9 Schlotahuer<\/p>\n<p>&nbsp;<\/p>\n<p>A partir de ahora se abre el per\u00edodo de impugnaciones a los postulantes, las que se recibir\u00e1n en la Secretar\u00eda General del Consejo de la Magistratura de Entre R\u00edos (Alameda de la Federaci\u00f3n N\u00ba471 de Paran\u00e1), de lunes a viernes en el horario de 8 a 12 hs. El tr\u00e1mite \u00fanicamente podr\u00e1 realizarse personalmente o por tercero autorizado judicial o notarialmente y conforme los dem\u00e1s requisitos establecidos en la normativa aplicable.<\/p>\n","protected":false},"excerpt":{"rendered":"<p>El Consejo de la Magistratura de la provincia public\u00f3 el listado final de postulantes a ocupar los tres cargos de vocales de la C\u00e1mara de Casaci\u00f3n Penal de Concordia, que finalmente tendr\u00e1 20 aspirantes. Dentro de los anotados, est\u00e1n los tres jueces que provisoriamente ocupan esos cargos por designaci\u00f3n del Superior Tribunal de Justicia &nbsp; &nbsp; &nbsp; A trav\u00e9s de la resoluci\u00f3n 246 del Consejo de la Magistratura, el organismo que se encarga del proceso de selecci\u00f3n de los jueces public\u00f3 el listado definitivo de quienes podr\u00e1n competir por los&#8230;<\/p>\n","protected":false},"author":3,"featured_media":40439,"comment_status":"closed","ping_status":"closed","sticky":false,"template":"","format":"standard","meta":[],"categories":[15],"tags":[],"_links":{"self":[{"href":"https:\/\/www.actualidadadiario.com\/index.php\/wp-json\/wp\/v2\/posts\/40438"}],"collection":[{"href":"https:\/\/www.actualidadadiario.com\/index.php\/wp-json\/wp\/v2\/posts"}],"about":[{"href":"https:\/\/www.actualidadadiario.com\/index.php\/wp-json\/wp\/v2\/types\/post"}],"author":[{"embeddable":true,"href":"https:\/\/www.actualidadadiario.com\/index.php\/wp-json\/wp\/v2\/users\/3"}],"replies":[{"embeddable":true,"href":"https:\/\/www.actualidadadiario.com\/index.php\/wp-json\/wp\/v2\/comments?post=40438"}],"version-history":[{"count":1,"href":"https:\/\/www.actualidadadiario.com\/index.php\/wp-json\/wp\/v2\/posts\/40438\/revisions"}],"predecessor-version":[{"id":40440,"href":"https:\/\/www.actualidadadiario.com\/index.php\/wp-json\/wp\/v2\/posts\/40438\/revisions\/40440"}],"wp:featuredmedia":[{"embeddable":true,"href":"https:\/\/www.actualidadadiario.com\/index.php\/wp-json\/wp\/v2\/media\/40439"}],"wp:attachment":[{"href":"https:\/\/www.actualidadadiario.com\/index.php\/wp-json\/wp\/v2\/media?parent=40438"}],"wp:term":[{"taxonomy":"category","embeddable":true,"href":"https:\/\/www.actualidadadiario.com\/index.php\/wp-json\/wp\/v2\/categories?post=40438"},{"taxonomy":"post_tag","embeddable":true,"href":"https:\/\/www.actualidadadiario.com\/index.php\/wp-json\/wp\/v2\/tags?post=40438"}],"curies":[{"name":"wp","href":"https:\/\/api.w.org\/{rel}","templated":true}]}}