{"id":40435,"date":"2019-02-14T12:01:06","date_gmt":"2019-02-14T15:01:06","guid":{"rendered":"https:\/\/www.actualidadadiario.com\/?p=40435"},"modified":"2019-02-14T12:01:06","modified_gmt":"2019-02-14T15:01:06","slug":"bordet-encabezara-un-gran-frente-electoral-para-devolverle-la-esperanza-a-los-entrerrianos","status":"publish","type":"post","link":"https:\/\/www.actualidadadiario.com\/index.php\/2019\/02\/14\/bordet-encabezara-un-gran-frente-electoral-para-devolverle-la-esperanza-a-los-entrerrianos\/","title":{"rendered":"Bordet encabezar\u00e1 un gran frente electoral para \u201cdevolverle la esperanza a los entrerrianos\u201d"},"content":{"rendered":"<p><em><strong>Un frente electoral del PJ y otras 10 fuerzas pol\u00edticas es el que llevar\u00e1 a Gustavo Bordet como candidato a gobernador para \u201cenfrentar el ajuste de Cambiemos\u201d, se inform\u00f3 a trav\u00e9s de un parte de prensa. Con un mensaje vinculado fuertemente a la transparencia y a la capacidad de gesti\u00f3n, qued\u00f3 conformado el Frente Justicialista \u201cCreer Entre R\u00edos\u201d como propuesta para competir en elecciones provinciales<\/strong><\/em><\/p>\n<p>&nbsp;<\/p>\n<p>&nbsp;<\/p>\n<p>&nbsp;<\/p>\n<p>\u201cPodemos brindarle a los entrerrianos un mensaje de esperanza porque trabajamos con compromiso estos tres a\u00f1os. Cumplimos con nuestra palabra, y ese es el principal valor para creer que otro futuro es posible\u201d, sostuvo Bordet.<\/p>\n<p>El Frente Justicialista Creer Entre R\u00edos est\u00e1 integrado por el Partido Justicialista de Entre R\u00edos, el Partido Movimiento por Todos, el Partido Frente Grande, el Partido de la Cultura, la Educaci\u00f3n y el Trabajo, el Frente Entrerriano Federal para el Trabajo, la Producci\u00f3n y la Justicia Social, el Partido Compromiso Federal, el Partido Uni\u00f3n Popular, y el Partido del Trabajo y el Pueblo, el Partido Comunista y el Partido Solidario.<\/p>\n<p>\u201cCreemos en nuestra provincia y en la fuerza de su gente para revertir la dura situaci\u00f3n que estamos atravesando. El contexto nacional de ajuste e inflaci\u00f3n, que es producto de las decisiones del gobierno central, no nos va a resignar. Podemos construir una realidad de trabajo y progreso, con esfuerzo y solidaridad podemos salir adelante\u201d, expresaron en un comunicado las fuerzas que impulsan la reelecci\u00f3n de Gustavo Bordet.<\/p>\n<p>Este mi\u00e9rcoles 10 partidos confluyeron en el frente justicialista Creer Entre R\u00edos e inscribieron la alianza program\u00e1tica y electoral de conformidad con la ley 10.357 a fin de concurrir a las PASO el 14 de abril y el 9 de junio de 2019.<\/p>\n<p>\u201cEn Entre R\u00edos ha operado un profundo cambio de paradigma. Bajo la conducci\u00f3n del gobernador Gustavo Bordet los entrerrianos hemos visto los resultados de una administraci\u00f3n que da respuestas a\u00fan en los momentos m\u00e1s dif\u00edciles, que le abre las puertas a los movimientos sociales y que se compromete con la participaci\u00f3n pol\u00edtica de las mujeres\u201d, se\u00f1alaron.<\/p>\n<p>\u201cDesde el gobierno provincial se supo interpretar la demanda de la sociedad; se logr\u00f3 dar previsibilidad a la provincia, equilibrar las cuentas p\u00fablicas, invertir en salud, en desarrollo social y en infraestructura para el desarrollo sin despedir a ning\u00fan trabajador de la administraci\u00f3n p\u00fablica\u201d, remarcaron en un claro mensaje de apoyo al gobernador Bordet.<\/p>\n<p>En otro orden de cosas, las fuerzas que componen Creer Entre R\u00edos resaltaron que por el contrario \u201cel proyecto pol\u00edtico del ajuste vigente a nivel nacional (Cambiemos) eligi\u00f3 orientar las pol\u00edticas para favorecer la concentraci\u00f3n de la riqueza, el desarrollo de los sectores de mayores recursos y en especial de aquellos eslabones locales de las din\u00e1micas econ\u00f3micas extranjeras\u201d.<\/p>\n<p>\u201cSu saldo ha sido el aumento creciente de la pobreza, niveles alarmantes de desprotecci\u00f3n social, la retirada del Estado nacional de la vida de las personas, de la obra p\u00fablica, la p\u00e9rdida de miles de puestos de trabajo, la eliminaci\u00f3n de empresas e industrias nacionales, el ataque a las econom\u00edas regionales, y el adelgazamiento de los mecanismos de control de las diferentes esferas de la producci\u00f3n, el trabajo y de la vida en comunidad\u201d, continuaron.<\/p>\n<p>En ese sentido, desde Creer Entre R\u00edos resaltaron que \u201cCambiemos decepcion\u00f3 a la sociedad argentina y a la entrerriana en particular. Gener\u00f3 descreimiento y desesperanza\u201d mientras que, por el contrario, \u201cGustavo Bordet s\u00ed cumpli\u00f3 con su palabra y les dio seguridad a los trabajadores de la provincia, a la familia entrerriana, administr\u00f3 con un profundo sentido de la justicia social los recursos y los resortes del Estado provincial, protegiendo a los peque\u00f1os y medianos productores de las diversas cadenas de valor, al sector industrial, a nuestros artistas, deportistas, cient\u00edficos y acad\u00e9micos, respetando la identidad cultural, la historia y el ambiente de nuestra provincia\u201d.<\/p>\n<p>Por otra parte, destacaron que \u201cesta decisi\u00f3n pol\u00edtica y colectiva se inscribe en la larga historia de compromiso del pueblo entrerriano con el ejercicio del federalismo, su rechazo a la concentraci\u00f3n y el arbitrio de cualquier poder central, y su permanente lucha por pol\u00edticas que tiendan a la igualdad de derechos y oportunidades\u201d.<\/p>\n<p>\u201cPudimos hacer las cosas bien y podemos hacerlas mejor en el futuro. Esa es la tarea militante que nos tenemos que dar porque la gente necesita esperanza, necesita creer. Y para eso hay que trabajar con responsabilidad y compromiso, hay que desarrollar una profunda tarea militante en todo el territorio de la provincia. Esta es la forma en la que vamos a llevar adelante la propuesta de Creer Entre R\u00edos, que no es m\u00e1s que la propuesta del pueblo entrerriano que quiere una realidad de trabajo y de bienestar para sus hijos\u201d, concluyeron.<\/p>\n","protected":false},"excerpt":{"rendered":"<p>Un frente electoral del PJ y otras 10 fuerzas pol\u00edticas es el que llevar\u00e1 a Gustavo Bordet como candidato a gobernador para \u201cenfrentar el ajuste de Cambiemos\u201d, se inform\u00f3 a trav\u00e9s de un parte de prensa. Con un mensaje vinculado fuertemente a la transparencia y a la capacidad de gesti\u00f3n, qued\u00f3 conformado el Frente Justicialista \u201cCreer Entre R\u00edos\u201d como propuesta para competir en elecciones provinciales &nbsp; &nbsp; &nbsp; \u201cPodemos brindarle a los entrerrianos un mensaje de esperanza porque trabajamos con compromiso estos tres a\u00f1os. Cumplimos con nuestra palabra, y ese&#8230;<\/p>\n","protected":false},"author":3,"featured_media":40436,"comment_status":"closed","ping_status":"closed","sticky":false,"template":"","format":"standard","meta":[],"categories":[9],"tags":[],"_links":{"self":[{"href":"https:\/\/www.actualidadadiario.com\/index.php\/wp-json\/wp\/v2\/posts\/40435"}],"collection":[{"href":"https:\/\/www.actualidadadiario.com\/index.php\/wp-json\/wp\/v2\/posts"}],"about":[{"href":"https:\/\/www.actualidadadiario.com\/index.php\/wp-json\/wp\/v2\/types\/post"}],"author":[{"embeddable":true,"href":"https:\/\/www.actualidadadiario.com\/index.php\/wp-json\/wp\/v2\/users\/3"}],"replies":[{"embeddable":true,"href":"https:\/\/www.actualidadadiario.com\/index.php\/wp-json\/wp\/v2\/comments?post=40435"}],"version-history":[{"count":1,"href":"https:\/\/www.actualidadadiario.com\/index.php\/wp-json\/wp\/v2\/posts\/40435\/revisions"}],"predecessor-version":[{"id":40437,"href":"https:\/\/www.actualidadadiario.com\/index.php\/wp-json\/wp\/v2\/posts\/40435\/revisions\/40437"}],"wp:featuredmedia":[{"embeddable":true,"href":"https:\/\/www.actualidadadiario.com\/index.php\/wp-json\/wp\/v2\/media\/40436"}],"wp:attachment":[{"href":"https:\/\/www.actualidadadiario.com\/index.php\/wp-json\/wp\/v2\/media?parent=40435"}],"wp:term":[{"taxonomy":"category","embeddable":true,"href":"https:\/\/www.actualidadadiario.com\/index.php\/wp-json\/wp\/v2\/categories?post=40435"},{"taxonomy":"post_tag","embeddable":true,"href":"https:\/\/www.actualidadadiario.com\/index.php\/wp-json\/wp\/v2\/tags?post=40435"}],"curies":[{"name":"wp","href":"https:\/\/api.w.org\/{rel}","templated":true}]}}