{"id":40432,"date":"2019-02-14T12:00:30","date_gmt":"2019-02-14T15:00:30","guid":{"rendered":"https:\/\/www.actualidadadiario.com\/?p=40432"},"modified":"2019-02-14T12:00:30","modified_gmt":"2019-02-14T15:00:30","slug":"se-realizo-el-primer-foro-provincial-de-agroecologia","status":"publish","type":"post","link":"https:\/\/www.actualidadadiario.com\/index.php\/2019\/02\/14\/se-realizo-el-primer-foro-provincial-de-agroecologia\/","title":{"rendered":"Se realiz\u00f3 el primer Foro Provincial de Agroecolog\u00eda"},"content":{"rendered":"<p><em><strong>Se desarroll\u00f3 este mi\u00e9rcoles en Paran\u00e1 el primer Foro de Agroecolog\u00eda, impulsado por el gobierno provincial, con la participaci\u00f3n de entidades agropecuarias, colegios de profesionales, organizaciones ambientalistas, el INTA y la Universidad<\/strong><\/em><\/p>\n<p>&nbsp;<\/p>\n<p>&nbsp;<\/p>\n<p>&nbsp;<\/p>\n<p>En la apertura estuvieron presentes los secretarios de Producci\u00f3n y de Ambiente, \u00c1lvaro Gab\u00e1s y Mart\u00edn Barbieri, respectivamente.<\/p>\n<p>El secretario de Producci\u00f3n se refiri\u00f3 a la formaci\u00f3n de este foro, sosteniendo que el mismo \u201ces un espacio plural, abierto, donde est\u00e1n representados todos los sectores, lo cual es muy importante. Es el fruto del trabajo genuino que se viene llevando desde los sectores p\u00fablico y privado, tanto las Secretar\u00edas de Producci\u00f3n y Ambiente, el INTA, el Senasa y todos los productores\u201d.<\/p>\n<p>\u201cCreemos firmemente que este espacio brinda la oportunidad de compartir experiencias como tambi\u00e9n fortalecer estos lazos a futuro. Desde el sector productivo tenemos que pensar una provincia que tenga un desarrollo sustentable en el mediano o largo plazo, y justamente son los actores y las instituciones los que van a llevar adelante esta pol\u00edtica. En este marco planteamos este foro donde vamos a armar una agenda durante todo el a\u00f1o, ser\u00e1 un espacio democr\u00e1tico donde se debatan ideas y proyectos para posibilitar paso a paso este forma de producci\u00f3n, que l\u00f3gicamente tiene que ir avanzando para encontrar el equilibrio entre la producci\u00f3n tradicional y la agroecol\u00f3gica\u201d, finaliz\u00f3 el funcionario.<\/p>\n<p>Por su parte, Barbieri afirm\u00f3 que &#8220;desde el organismo ambiental provincial nos sentimos enormemente satisfechos con la convocatoria, y con mucha expectativa porque consideramos que el camino es justamente, en este marco, ir hacia una transici\u00f3n de lo productivo, sobre todo en los lugares donde hay bosques nativos o cursos de agua&#8221;.<\/p>\n<p>&#8220;Necesitamos encontrar alternativas a la producci\u00f3n con agroqu\u00edmicos que nos permitan trabajar de manera tranquila y segura. Entre todos iremos caminando hacia esa transici\u00f3n y encontraremos puntos de consenso que sirvan como insumos para futuras normativas&#8221;, sostuvo el secretario de Ambiente.<\/p>\n<p>Luego de las palabras de bienvenida, el director de Agricultura y Apicultura de la provincia, Federico Giusti, explic\u00f3 la modalidad de trabajo que se llev\u00f3 a cabo y que consisti\u00f3 en la conformaci\u00f3n de comisiones integradas por todos los actores del Foro: Registro e identificaci\u00f3n; Investigaci\u00f3n y desarrollo; Certificaci\u00f3n; Comercializaci\u00f3n; Territorio y Gesti\u00f3n\u201d.<\/p>\n<p>Participaron tambi\u00e9n de la apertura el senador provincial Mario Torres; la decana de la Facultad de Ciencias de la Gesti\u00f3n de la Uader, Liliana Battauz; el director de Ense\u00f1anza T\u00e9cnica del Consejo General de Educaci\u00f3n (CGE), H\u00e9ctor Rousset; Natalia Villalba, asistente regional de Extensi\u00f3n del Centro Regional Entre R\u00edos del INTA; y Mario Den Dauw, integrante del directorio de Copaer.<\/p>\n","protected":false},"excerpt":{"rendered":"<p>Se desarroll\u00f3 este mi\u00e9rcoles en Paran\u00e1 el primer Foro de Agroecolog\u00eda, impulsado por el gobierno provincial, con la participaci\u00f3n de entidades agropecuarias, colegios de profesionales, organizaciones ambientalistas, el INTA y la Universidad &nbsp; &nbsp; &nbsp; En la apertura estuvieron presentes los secretarios de Producci\u00f3n y de Ambiente, \u00c1lvaro Gab\u00e1s y Mart\u00edn Barbieri, respectivamente. El secretario de Producci\u00f3n se refiri\u00f3 a la formaci\u00f3n de este foro, sosteniendo que el mismo \u201ces un espacio plural, abierto, donde est\u00e1n representados todos los sectores, lo cual es muy importante. Es el fruto del trabajo&#8230;<\/p>\n","protected":false},"author":3,"featured_media":40433,"comment_status":"closed","ping_status":"closed","sticky":false,"template":"","format":"standard","meta":[],"categories":[15],"tags":[],"_links":{"self":[{"href":"https:\/\/www.actualidadadiario.com\/index.php\/wp-json\/wp\/v2\/posts\/40432"}],"collection":[{"href":"https:\/\/www.actualidadadiario.com\/index.php\/wp-json\/wp\/v2\/posts"}],"about":[{"href":"https:\/\/www.actualidadadiario.com\/index.php\/wp-json\/wp\/v2\/types\/post"}],"author":[{"embeddable":true,"href":"https:\/\/www.actualidadadiario.com\/index.php\/wp-json\/wp\/v2\/users\/3"}],"replies":[{"embeddable":true,"href":"https:\/\/www.actualidadadiario.com\/index.php\/wp-json\/wp\/v2\/comments?post=40432"}],"version-history":[{"count":1,"href":"https:\/\/www.actualidadadiario.com\/index.php\/wp-json\/wp\/v2\/posts\/40432\/revisions"}],"predecessor-version":[{"id":40434,"href":"https:\/\/www.actualidadadiario.com\/index.php\/wp-json\/wp\/v2\/posts\/40432\/revisions\/40434"}],"wp:featuredmedia":[{"embeddable":true,"href":"https:\/\/www.actualidadadiario.com\/index.php\/wp-json\/wp\/v2\/media\/40433"}],"wp:attachment":[{"href":"https:\/\/www.actualidadadiario.com\/index.php\/wp-json\/wp\/v2\/media?parent=40432"}],"wp:term":[{"taxonomy":"category","embeddable":true,"href":"https:\/\/www.actualidadadiario.com\/index.php\/wp-json\/wp\/v2\/categories?post=40432"},{"taxonomy":"post_tag","embeddable":true,"href":"https:\/\/www.actualidadadiario.com\/index.php\/wp-json\/wp\/v2\/tags?post=40432"}],"curies":[{"name":"wp","href":"https:\/\/api.w.org\/{rel}","templated":true}]}}