{"id":40426,"date":"2019-02-14T11:59:14","date_gmt":"2019-02-14T14:59:14","guid":{"rendered":"https:\/\/www.actualidadadiario.com\/?p=40426"},"modified":"2019-02-14T11:59:14","modified_gmt":"2019-02-14T14:59:14","slug":"la-provincia-renueva-mecanismos-de-cooperacion-con-uner-para-monitoreos-de-aire","status":"publish","type":"post","link":"https:\/\/www.actualidadadiario.com\/index.php\/2019\/02\/14\/la-provincia-renueva-mecanismos-de-cooperacion-con-uner-para-monitoreos-de-aire\/","title":{"rendered":"La provincia renueva mecanismos de cooperaci\u00f3n con UNER para monitoreos de aire"},"content":{"rendered":"<p><em><strong>La Secretar\u00eda de Ambiente trabaja en la puesta en valor y traslado de un equipo de control de calidad de aire, originalmente ubicado en Estancia \u00d1andubaysal en Gualeguaych\u00fa, a un espacio m\u00e1s adecuado. En ese marco, renueva mecanismos de cooperaci\u00f3n con la UNER<\/strong><\/em><\/p>\n<p>&nbsp;<\/p>\n<p>&nbsp;<\/p>\n<p>&nbsp;<\/p>\n<p>El equipo es propiedad de la Secretar\u00eda de Ambiente y Desarrollo Sustentable de la Naci\u00f3n y hasta ahora operado por la Comisi\u00f3n Nacional de Energ\u00eda At\u00f3mica (CNEA). Ser\u00e1 reubicado en el departamento Gualeguaych\u00fa, en la zona de Costa Uruguay Sur, una vez que reciba los ajustes y las reparaciones necesarias.<\/p>\n<p>Con este prop\u00f3sito el organismo provincial acord\u00f3 con su par nacional aplicar los fondos asignados a trav\u00e9s de un convenio de fortalecimiento del Programa Provincial de Calidad de Aire. Los recursos ser\u00e1n utilizados para cubrir los gastos que demandan la reparaci\u00f3n, relocalizaci\u00f3n y puesta en marcha del equipo mencionado.<\/p>\n<p>Para este fin, el secretario y subsecretario de Ambiente, Mart\u00edn Barbieri y Lucio Amavet, respectivamente, se reunieron con el secretario de Ciencia y T\u00e9cnica de la UNER, Gerardo Gentiletti, para definir el marco de la cooperaci\u00f3n cient\u00edfica y operativa entre los organismos.<\/p>\n<p>Desde la Casa de Altos Estudios instruyeron a los t\u00e9cnicos del organismo ambiental provincial a presentar informaci\u00f3n t\u00e9cnica sobre los equipos e insumos a adquirir y que formar\u00e1n parte de la adenda, con el objeto de asegurar la m\u00e1xima celeridad en el proceso.<\/p>\n<p>Es preciso se\u00f1alar que, el nivel de requerimientos t\u00e9cnicos que solicit\u00f3 la Universidad requiri\u00f3 de una nueva solicitud de informaci\u00f3n a la CNEA por parte de esta Secretar\u00eda, sin la cual no se podr\u00e1 avanzar. El tiempo que al organismo nacional le lleve responder dicho pedido, impactar\u00e1 en que el tr\u00e1mite sea m\u00e1s \u00e1gil o m\u00e1s lento.<\/p>\n","protected":false},"excerpt":{"rendered":"<p>La Secretar\u00eda de Ambiente trabaja en la puesta en valor y traslado de un equipo de control de calidad de aire, originalmente ubicado en Estancia \u00d1andubaysal en Gualeguaych\u00fa, a un espacio m\u00e1s adecuado. En ese marco, renueva mecanismos de cooperaci\u00f3n con la UNER &nbsp; &nbsp; &nbsp; El equipo es propiedad de la Secretar\u00eda de Ambiente y Desarrollo Sustentable de la Naci\u00f3n y hasta ahora operado por la Comisi\u00f3n Nacional de Energ\u00eda At\u00f3mica (CNEA). Ser\u00e1 reubicado en el departamento Gualeguaych\u00fa, en la zona de Costa Uruguay Sur, una vez que reciba&#8230;<\/p>\n","protected":false},"author":3,"featured_media":40427,"comment_status":"closed","ping_status":"closed","sticky":false,"template":"","format":"standard","meta":[],"categories":[15],"tags":[],"_links":{"self":[{"href":"https:\/\/www.actualidadadiario.com\/index.php\/wp-json\/wp\/v2\/posts\/40426"}],"collection":[{"href":"https:\/\/www.actualidadadiario.com\/index.php\/wp-json\/wp\/v2\/posts"}],"about":[{"href":"https:\/\/www.actualidadadiario.com\/index.php\/wp-json\/wp\/v2\/types\/post"}],"author":[{"embeddable":true,"href":"https:\/\/www.actualidadadiario.com\/index.php\/wp-json\/wp\/v2\/users\/3"}],"replies":[{"embeddable":true,"href":"https:\/\/www.actualidadadiario.com\/index.php\/wp-json\/wp\/v2\/comments?post=40426"}],"version-history":[{"count":1,"href":"https:\/\/www.actualidadadiario.com\/index.php\/wp-json\/wp\/v2\/posts\/40426\/revisions"}],"predecessor-version":[{"id":40428,"href":"https:\/\/www.actualidadadiario.com\/index.php\/wp-json\/wp\/v2\/posts\/40426\/revisions\/40428"}],"wp:featuredmedia":[{"embeddable":true,"href":"https:\/\/www.actualidadadiario.com\/index.php\/wp-json\/wp\/v2\/media\/40427"}],"wp:attachment":[{"href":"https:\/\/www.actualidadadiario.com\/index.php\/wp-json\/wp\/v2\/media?parent=40426"}],"wp:term":[{"taxonomy":"category","embeddable":true,"href":"https:\/\/www.actualidadadiario.com\/index.php\/wp-json\/wp\/v2\/categories?post=40426"},{"taxonomy":"post_tag","embeddable":true,"href":"https:\/\/www.actualidadadiario.com\/index.php\/wp-json\/wp\/v2\/tags?post=40426"}],"curies":[{"name":"wp","href":"https:\/\/api.w.org\/{rel}","templated":true}]}}