{"id":40419,"date":"2019-02-13T13:15:08","date_gmt":"2019-02-13T16:15:08","guid":{"rendered":"https:\/\/www.actualidadadiario.com\/?p=40419"},"modified":"2019-02-13T13:15:08","modified_gmt":"2019-02-13T16:15:08","slug":"el-papa-francisco-a-maduro-lo-que-se-acordo-en-las-reuniones-no-fue-seguido-por-acciones-concretas","status":"publish","type":"post","link":"https:\/\/www.actualidadadiario.com\/index.php\/2019\/02\/13\/el-papa-francisco-a-maduro-lo-que-se-acordo-en-las-reuniones-no-fue-seguido-por-acciones-concretas\/","title":{"rendered":"El papa Francisco a Maduro: &#8220;Lo que se acord\u00f3 en las reuniones, no fue seguido por acciones concretas&#8221;"},"content":{"rendered":"<p><em><strong>El diario italiano Corriere della Sera filtr\u00f3 una carta que el Sumo Pont\u00edfice le env\u00edo al presidente de Venezuela<\/strong><\/em><\/p>\n<p>&nbsp;<\/p>\n<p>&nbsp;<\/p>\n<p>El diario italiano Corriere della Sera public\u00f3 una carta que el papa Francisco envi\u00f3 el pasado 7 de febrero al presidente de Venezuela, Nicol\u00e1s Maduro, en marco del conflicto que vive ese pa\u00eds, donde le recrimin\u00f3 que &#8220;lo que se acord\u00f3 en las reuniones, no fue seguido por acciones concretas&#8221;, en relaci\u00f3n a otros intentos &#8220;para tratar de encontrar una salida a la crisis venezolana&#8221;.<\/p>\n<p>Seg\u00fan public\u00f3 el medio italiano, la carta est\u00e1 dirigida al &#8220;Excelent\u00edsimo se\u00f1or Nicol\u00e1s Maduro Moros&#8221;, lleva la fecha del 7 de febrero de 2019 y cuenta con dos p\u00e1ginas y media de extensi\u00f3n. Adem\u00e1s, resaltan que el Papa se dirigi\u00f3 al mandatario como &#8220;se\u00f1or&#8221; y no como &#8220;Presidente&#8221;, en referencia a la autoproclamaci\u00f3n Juan Guaid\u00f3.<\/p>\n<p>La carta es parte de la respuesta del Papa a la d\u00e9cima solicitud de mediaci\u00f3n recibida un par de d\u00edas antes por parte de Maduro. All\u00ed, le record\u00f3 que hubo otros intentos &#8220;para tratar de encontrar una salida a la crisis venezolana&#8221;.<\/p>\n<p>&#8220;Desafortunadamente, todos fueron interrumpidos porque lo que se hab\u00eda acordado en las reuniones no fue seguido por gestos concretos para implementar los acuerdos&#8221;, escribi\u00f3 el Papa.<\/p>\n<p>En tanto, se mostr\u00f3 a favor de una mediaci\u00f3n aunque agreg\u00f3: &#8220;Sin embargo, no se trata de un di\u00e1logo&#8221;, se\u00f1ala, &#8220;sino de lo que ocurre cuando las diferentes partes en conflicto ponen el bien com\u00fan por encima de cualquier otro inter\u00e9s y trabajan por la unidad y la paz&#8221;.<\/p>\n<p>Tambi\u00e9n le record\u00f3 a Maduro el papel desempe\u00f1ado por la Santa Sede y los obispos de Venezuela &#8220;como garante y a solicitud de los partidos&#8221;, en una fase que comenz\u00f3 a fines de 2016, y asegur\u00f3: &#8220;La Santa Sede indic\u00f3 claramente cu\u00e1les eran las condiciones para que el di\u00e1logo fuera posible&#8221;. Y adelant\u00f3 &#8220;una serie de solicitudes que consider\u00f3 indispensables para que el di\u00e1logo se desarrolle de manera fruct\u00edfera y efectiva&#8221;.<\/p>\n<p>Adem\u00e1s, a\u00f1ade el diario, el Papa reitera &#8220;la necesidad de evitar cualquier forma de derramamiento de sangre&#8221;.<\/p>\n","protected":false},"excerpt":{"rendered":"<p>El diario italiano Corriere della Sera filtr\u00f3 una carta que el Sumo Pont\u00edfice le env\u00edo al presidente de Venezuela &nbsp; &nbsp; El diario italiano Corriere della Sera public\u00f3 una carta que el papa Francisco envi\u00f3 el pasado 7 de febrero al presidente de Venezuela, Nicol\u00e1s Maduro, en marco del conflicto que vive ese pa\u00eds, donde le recrimin\u00f3 que &#8220;lo que se acord\u00f3 en las reuniones, no fue seguido por acciones concretas&#8221;, en relaci\u00f3n a otros intentos &#8220;para tratar de encontrar una salida a la crisis venezolana&#8221;. Seg\u00fan public\u00f3 el medio&#8230;<\/p>\n","protected":false},"author":3,"featured_media":40420,"comment_status":"closed","ping_status":"closed","sticky":false,"template":"","format":"standard","meta":[],"categories":[4],"tags":[],"_links":{"self":[{"href":"https:\/\/www.actualidadadiario.com\/index.php\/wp-json\/wp\/v2\/posts\/40419"}],"collection":[{"href":"https:\/\/www.actualidadadiario.com\/index.php\/wp-json\/wp\/v2\/posts"}],"about":[{"href":"https:\/\/www.actualidadadiario.com\/index.php\/wp-json\/wp\/v2\/types\/post"}],"author":[{"embeddable":true,"href":"https:\/\/www.actualidadadiario.com\/index.php\/wp-json\/wp\/v2\/users\/3"}],"replies":[{"embeddable":true,"href":"https:\/\/www.actualidadadiario.com\/index.php\/wp-json\/wp\/v2\/comments?post=40419"}],"version-history":[{"count":1,"href":"https:\/\/www.actualidadadiario.com\/index.php\/wp-json\/wp\/v2\/posts\/40419\/revisions"}],"predecessor-version":[{"id":40421,"href":"https:\/\/www.actualidadadiario.com\/index.php\/wp-json\/wp\/v2\/posts\/40419\/revisions\/40421"}],"wp:featuredmedia":[{"embeddable":true,"href":"https:\/\/www.actualidadadiario.com\/index.php\/wp-json\/wp\/v2\/media\/40420"}],"wp:attachment":[{"href":"https:\/\/www.actualidadadiario.com\/index.php\/wp-json\/wp\/v2\/media?parent=40419"}],"wp:term":[{"taxonomy":"category","embeddable":true,"href":"https:\/\/www.actualidadadiario.com\/index.php\/wp-json\/wp\/v2\/categories?post=40419"},{"taxonomy":"post_tag","embeddable":true,"href":"https:\/\/www.actualidadadiario.com\/index.php\/wp-json\/wp\/v2\/tags?post=40419"}],"curies":[{"name":"wp","href":"https:\/\/api.w.org\/{rel}","templated":true}]}}