{"id":4041,"date":"2016-11-07T10:10:24","date_gmt":"2016-11-07T13:10:24","guid":{"rendered":"http:\/\/actualidadadiario.com\/site\/?p=4041"},"modified":"2016-11-07T10:10:24","modified_gmt":"2016-11-07T13:10:24","slug":"la-jueza-servini-de-cubria-acuso-al-gobierno-de-presionarla-para-que-se-jubile","status":"publish","type":"post","link":"https:\/\/www.actualidadadiario.com\/index.php\/2016\/11\/07\/la-jueza-servini-de-cubria-acuso-al-gobierno-de-presionarla-para-que-se-jubile\/","title":{"rendered":"La jueza Servini de Cubr\u00eda acus\u00f3 al Gobierno de presionarla para que se jubile"},"content":{"rendered":"<p><em><strong>La juez federal asegur\u00f3 que a sus 79 a\u00f1os se encuentra en condiciones f\u00edsicas y ps\u00edquicas de continuar en su juzgado<\/strong><\/em><\/p>\n<p>&nbsp;<\/p>\n<p>&nbsp;<\/p>\n<p>&nbsp;<\/p>\n<p>&nbsp;<\/p>\n<p>&nbsp;<\/p>\n<p>La titular del Juzgado Federal en lo Criminal y Correccional n\u00b01, Mar\u00eda Romilda Servini de Cubr\u00eda, acus\u00f3 al gobierno de Mauricio Macri de presionarla para que se jubile por tener 79 a\u00f1os: &#8220;Ya s\u00e9 hasta qui\u00e9nes ser\u00edan mis subrogantes&#8221;.<\/p>\n<p>&nbsp;<\/p>\n<p>Es que la hist\u00f3rica jueza, quien actualmente investiga, por caso, a Ibar Esteban P\u00e9rez Corradi por su supuesta participaci\u00f3n en el Triple Crimen de General Rodr\u00edguez y la ruta de la efedrina, sugiri\u00f3 que la Corte Suprema de Justicia, encabezada por Ricardo Lorenzetti, resolver\u00eda sobre la edad l\u00edmite para ejercer la titularidad de los juzgados.<\/p>\n<p>&nbsp;<\/p>\n<p>Por eso, siempre seg\u00fan Servini de Cubr\u00eda, cerca de 80 jueces deber\u00edan jubilarse por superar los 75 a\u00f1os en caso de que la supuesta iniciativa del ministro de Justicia, Germ\u00e1n Garavano, contara con el respaldo de la Corte Suprema. El escenario ser\u00eda a\u00fan peor: es que alrededor de 200 cargos se encuentran actualmente vacantes en el Poder Judicial.<\/p>\n<p>&nbsp;<\/p>\n<p>La juez, quien lleva 25 a\u00f1os ininterrumpidos en su juzgado, consider\u00f3 en Radio Cooperativa que &#8220;cuando un juez no est\u00e1 bien f\u00edsica o ps\u00edquicamente debe irse porque puede obstruir el trabajo, pero si est\u00e1 bien puede seguir haci\u00e9ndolo&#8221;. Por eso, insisti\u00f3: &#8220;\u00bfCu\u00e1l es el inter\u00e9s del ministro de Justicia para que los mayores de 75 a\u00f1os nos quedemos o nos vayamos del Poder Judicial?&#8221;.<\/p>\n","protected":false},"excerpt":{"rendered":"<p>La juez federal asegur\u00f3 que a sus 79 a\u00f1os se encuentra en condiciones f\u00edsicas y ps\u00edquicas de continuar en su juzgado &nbsp; &nbsp; &nbsp; &nbsp; &nbsp; La titular del Juzgado Federal en lo Criminal y Correccional n\u00b01, Mar\u00eda Romilda Servini de Cubr\u00eda, acus\u00f3 al gobierno de Mauricio Macri de presionarla para que se jubile por tener 79 a\u00f1os: &#8220;Ya s\u00e9 hasta qui\u00e9nes ser\u00edan mis subrogantes&#8221;. &nbsp; Es que la hist\u00f3rica jueza, quien actualmente investiga, por caso, a Ibar Esteban P\u00e9rez Corradi por su supuesta participaci\u00f3n en el Triple Crimen de&#8230;<\/p>\n","protected":false},"author":3,"featured_media":4042,"comment_status":"closed","ping_status":"closed","sticky":false,"template":"","format":"standard","meta":[],"categories":[2],"tags":[],"_links":{"self":[{"href":"https:\/\/www.actualidadadiario.com\/index.php\/wp-json\/wp\/v2\/posts\/4041"}],"collection":[{"href":"https:\/\/www.actualidadadiario.com\/index.php\/wp-json\/wp\/v2\/posts"}],"about":[{"href":"https:\/\/www.actualidadadiario.com\/index.php\/wp-json\/wp\/v2\/types\/post"}],"author":[{"embeddable":true,"href":"https:\/\/www.actualidadadiario.com\/index.php\/wp-json\/wp\/v2\/users\/3"}],"replies":[{"embeddable":true,"href":"https:\/\/www.actualidadadiario.com\/index.php\/wp-json\/wp\/v2\/comments?post=4041"}],"version-history":[{"count":1,"href":"https:\/\/www.actualidadadiario.com\/index.php\/wp-json\/wp\/v2\/posts\/4041\/revisions"}],"predecessor-version":[{"id":4043,"href":"https:\/\/www.actualidadadiario.com\/index.php\/wp-json\/wp\/v2\/posts\/4041\/revisions\/4043"}],"wp:featuredmedia":[{"embeddable":true,"href":"https:\/\/www.actualidadadiario.com\/index.php\/wp-json\/wp\/v2\/media\/4042"}],"wp:attachment":[{"href":"https:\/\/www.actualidadadiario.com\/index.php\/wp-json\/wp\/v2\/media?parent=4041"}],"wp:term":[{"taxonomy":"category","embeddable":true,"href":"https:\/\/www.actualidadadiario.com\/index.php\/wp-json\/wp\/v2\/categories?post=4041"},{"taxonomy":"post_tag","embeddable":true,"href":"https:\/\/www.actualidadadiario.com\/index.php\/wp-json\/wp\/v2\/tags?post=4041"}],"curies":[{"name":"wp","href":"https:\/\/api.w.org\/{rel}","templated":true}]}}