{"id":40407,"date":"2019-02-13T12:53:11","date_gmt":"2019-02-13T15:53:11","guid":{"rendered":"https:\/\/www.actualidadadiario.com\/?p=40407"},"modified":"2019-02-13T12:53:11","modified_gmt":"2019-02-13T15:53:11","slug":"la-candidatura-de-lousteau-divide-al-radicalismo-y-tensiona-a-marcos-pena","status":"publish","type":"post","link":"https:\/\/www.actualidadadiario.com\/index.php\/2019\/02\/13\/la-candidatura-de-lousteau-divide-al-radicalismo-y-tensiona-a-marcos-pena\/","title":{"rendered":"La candidatura de Lousteau divide al radicalismo y tensiona a Marcos Pe\u00f1a"},"content":{"rendered":"<p><em><strong>Cornejo aval\u00f3 que el diputado compita en una interna con Macri. Un sector de la UCR busca bloquearlo. Vidal y Larreta no lo ven con malos ojos<\/strong><\/em><\/p>\n<p>&nbsp;<\/p>\n<p>&nbsp;<\/p>\n<p>&nbsp;<\/p>\n<p>La posible postulaci\u00f3n de Mart\u00edn Lousteau para competir en una interna contra Mauricio Macri ya provoca roces y divisiones en la Uni\u00f3n C\u00edvica Radical, al tiempo que genera tensiones con Marcos Pe\u00f1a que rechaza de plano que el Presidente tenga un rival en las PASO de Cambiemos.<\/p>\n<p>La candidatura presidencial de Lousteau recibi\u00f3 este martes una poderosa se\u00f1al de respaldo de parte del presidente del radicalismo, Alfredo Cornejo. Desde Washington, donde se reuni\u00f3 con empresarios, el mendocino se mostr\u00f3 a favor de una interna para que puedan mostrar &#8220;sutiles diferencias&#8221; con Macri y &#8220;sumar apoyos que hoy Cambiemos no tiene&#8221;.<\/p>\n<p>&#8220;Es una alternativa que no descartamos. No creo que lo resolvamos antes de abril, mayo. Y si lo resolvemos, tiene que ser de com\u00fan acuerdo con el presidente Macri. Tiene que ser una competencia colaborativa&#8221;, dijo Cornejo seg\u00fan La Naci\u00f3n. En ese sentido, no descart\u00f3 que sea Lousteau sea el rival: &#8220;\u00bfPor qu\u00e9 no? Es una persona que tiene suficiente conocimiento en el pa\u00eds&#8221;.<\/p>\n<p>Las declaraciones de Cornejo vuelven m\u00e1s seria una posibilidad que hasta ahora se mencionaba casi aisladamente dentro del radicalismo. Por tanto, ya empieza a dividir las aguas de cara a la convenci\u00f3n nacional que se realizar\u00e1 en marzo y donde se definir\u00e1 la estrategia electoral del partido. A esa cita, la UCR llegar\u00e1 dividida entre quienes quieren enfrentar a Macri y lo que no.<\/p>\n<p>En el primer grupo, que impulsa a Lousteau, est\u00e1n el cordob\u00e9s Ram\u00f3n Mestre, el referente porte\u00f1o Emiliano Yacobiti, el ex diputado Ricardo Alfons\u00edn, los hist\u00f3ricos Enrique &#8220;Coti&#8221; Nosiglia, Rafael Pascual y Federico Storani, el titular de la Convenci\u00f3n Nacional Jorge Sappia, y la Juventud Radical.<\/p>\n<p>En la vereda opuesta, los m\u00e1s cercanos al macrismo. Gerardo Morales, Mario Negri, Jes\u00fas Rodr\u00edguez y Jos\u00e9 Corral lideran a los que no quieren enfrentar a Macri. En el medio de los dos grupos est\u00e1 Cornejo, que con las declaraciones de ayer dio una se\u00f1al importante para el ex ministro.<\/p>\n<p>En el grupo de radicales m\u00e1s cercanos a la Rosada ya preparan una estrategia para evitar que la Convenci\u00f3n termine avalando la candidatura de Lousteau. La primera estrategia es llevar la cumbre a Jujuy, donde Morales es local y podr\u00eda controlarla. Adem\u00e1s, -creen- implicar\u00eda para el otro grupo grandes complicaciones para movilizar congresales.<\/p>\n<p>Las divisiones del radicalismo se replican en el PRO. De un lado, Marcos Pe\u00f1a no quiere saber nada con que Macri tenga competencia y por eso hizo algunas concesiones a la UCR como la candidatura en R\u00edo Negro. El jefe de Gabinete cree que es una opci\u00f3n riesgosa porque podr\u00eda atraer mucho voto bronca contra el Presidente.<\/p>\n<p>Del otro lado, un sector importante que cree que la PASO le dar\u00eda volumen a Cambiemos. Entre estos \u00faltimos, Lousteau tiene dos aliados impensados: Mar\u00eda Eugenia Vidal y Horacio Rodr\u00edguez Larreta. Se reedita as\u00ed la cl\u00e1sica interna del poder del PRO entre el jefe de Gabinete y el d\u00fao de la gobernadora y el alcalde porte\u00f1o.<\/p>\n<p>Vidal y Larreta coinciden con Cornejo en que una interna le ayudar\u00eda a Macri a sumar a desencantados y lo dejar\u00eda mejor parado para la primera vuelta. En el entorno de la gobernadora dicen que le sirve porque ven como una posibilidad concreta perder las PASO y una lista de Lousteau llevar\u00eda tambi\u00e9n la de ella, es decir que le sumar\u00eda.<\/p>\n<p>Como sea, Lousteau todav\u00eda no dio se\u00f1ales claras de que ir\u00e1 a las PASO contra Macri. Aunque tiene claro que lleva todas las de perder, la posibilidad le cierra porque lo posiciona en Cambiemos de cara al futuro. Pero para competir necesita por lo menos la mitad del radicalismo acompa\u00f1\u00e1ndolo. Lo que s\u00ed parece seguro es que el ex ministro descart\u00f3 volver a competir en la Ciudad de Buenos Aires.<\/p>\n","protected":false},"excerpt":{"rendered":"<p>Cornejo aval\u00f3 que el diputado compita en una interna con Macri. Un sector de la UCR busca bloquearlo. Vidal y Larreta no lo ven con malos ojos &nbsp; &nbsp; &nbsp; La posible postulaci\u00f3n de Mart\u00edn Lousteau para competir en una interna contra Mauricio Macri ya provoca roces y divisiones en la Uni\u00f3n C\u00edvica Radical, al tiempo que genera tensiones con Marcos Pe\u00f1a que rechaza de plano que el Presidente tenga un rival en las PASO de Cambiemos. La candidatura presidencial de Lousteau recibi\u00f3 este martes una poderosa se\u00f1al de respaldo&#8230;<\/p>\n","protected":false},"author":3,"featured_media":40408,"comment_status":"closed","ping_status":"closed","sticky":false,"template":"","format":"standard","meta":[],"categories":[18],"tags":[],"_links":{"self":[{"href":"https:\/\/www.actualidadadiario.com\/index.php\/wp-json\/wp\/v2\/posts\/40407"}],"collection":[{"href":"https:\/\/www.actualidadadiario.com\/index.php\/wp-json\/wp\/v2\/posts"}],"about":[{"href":"https:\/\/www.actualidadadiario.com\/index.php\/wp-json\/wp\/v2\/types\/post"}],"author":[{"embeddable":true,"href":"https:\/\/www.actualidadadiario.com\/index.php\/wp-json\/wp\/v2\/users\/3"}],"replies":[{"embeddable":true,"href":"https:\/\/www.actualidadadiario.com\/index.php\/wp-json\/wp\/v2\/comments?post=40407"}],"version-history":[{"count":1,"href":"https:\/\/www.actualidadadiario.com\/index.php\/wp-json\/wp\/v2\/posts\/40407\/revisions"}],"predecessor-version":[{"id":40409,"href":"https:\/\/www.actualidadadiario.com\/index.php\/wp-json\/wp\/v2\/posts\/40407\/revisions\/40409"}],"wp:featuredmedia":[{"embeddable":true,"href":"https:\/\/www.actualidadadiario.com\/index.php\/wp-json\/wp\/v2\/media\/40408"}],"wp:attachment":[{"href":"https:\/\/www.actualidadadiario.com\/index.php\/wp-json\/wp\/v2\/media?parent=40407"}],"wp:term":[{"taxonomy":"category","embeddable":true,"href":"https:\/\/www.actualidadadiario.com\/index.php\/wp-json\/wp\/v2\/categories?post=40407"},{"taxonomy":"post_tag","embeddable":true,"href":"https:\/\/www.actualidadadiario.com\/index.php\/wp-json\/wp\/v2\/tags?post=40407"}],"curies":[{"name":"wp","href":"https:\/\/api.w.org\/{rel}","templated":true}]}}