{"id":40404,"date":"2019-02-13T12:52:21","date_gmt":"2019-02-13T15:52:21","guid":{"rendered":"https:\/\/www.actualidadadiario.com\/?p=40404"},"modified":"2019-02-13T12:52:21","modified_gmt":"2019-02-13T15:52:21","slug":"macri-hoy-estamos-mejor-parados-hacia-el-futuro-de-lo-que-estabamos-en-el-2015","status":"publish","type":"post","link":"https:\/\/www.actualidadadiario.com\/index.php\/2019\/02\/13\/macri-hoy-estamos-mejor-parados-hacia-el-futuro-de-lo-que-estabamos-en-el-2015\/","title":{"rendered":"Macri: &#8220;Hoy estamos mejor parados hacia el futuro de lo que est\u00e1bamos en el 2015&#8221;"},"content":{"rendered":"<p><em><strong>El Presidente reconoci\u00f3 los efectos de la devaluaci\u00f3n y la inflaci\u00f3n en los argentinos. &#8220;Ven\u00edamos hace muchos viviendo por arriba de sus posibilidades &#8220;, sostuvo. &#8220;Hay gente enojada y mucha gente angustiada porque cuesta m\u00e1s llegar a fin de mes&#8221;, admiti\u00f3<\/strong><\/em><\/p>\n<p>&nbsp;<\/p>\n<p>&nbsp;<\/p>\n<p>&nbsp;<\/p>\n<p>Antes de partir a Colonia para reunirse con el presidente uruguayo Tabar\u00e9 V\u00e1zquez, Mauricio Macri admiti\u00f3 que hay muchos argentinos que sufren con la crisis econ\u00f3mica, volvi\u00f3 a responsabilizar de la situaci\u00f3n a los anteriores gobiernos y asegur\u00f3 que la actual coyuntura es &#8220;mejor&#8221; que la el punto de partida del 2015.<\/p>\n<p>\u201cDoy vueltas por el pa\u00eds todo el tiempo, debo ser el presidente que m\u00e1s ha recorrido el interior del pa\u00eds en sus primeros tres a\u00f1os de gobierno, y lo hago desde el amor que tengo por lo que hacemos y todos ustedes, y por la convicci\u00f3n que estando cerca y escuch\u00e1ndolos, voy a resolver los problemas que tenemos\u201d, le coment\u00f3 a la entrevistadora al inicio de la charla radial.<\/p>\n<p>&#8220;Hay gente enojada y mucha gente angustiada porque cuesta m\u00e1s llegar a fin de mes, porque nos hemos chocado contra una realidad, los entiendo. La Argentina ven\u00eda hace muchos viviendo por arriba de sus posibilidades&#8221;, sostuvo el mandatario en di\u00e1logo con FM Radio Pasi\u00f3n 96.5, de la localidad puntana de Buena Esperanza.<\/p>\n<p>\u201cHubo gobiernos que gastaban m\u00e1s de lo que ten\u00edan, y de golpe nos encontramos que el mundo nos dej\u00f3 de dar cr\u00e9dito para sostener eso, y tuvimos una devaluaci\u00f3n grande, acompa\u00f1ado de un aumento de la inflaci\u00f3n eso nos ha pegado, pero finalmente hemos entendido\u201d, sostuvo en la breve entrevista radial.<\/p>\n<p>\u201cA la luz de las dificultades que hemos enfrentado, entendimos que no podemos vivir de lo prestado, ni gastar m\u00e1s de lo que tenemos. No se pude gastar m\u00e1s de los que se genera todos los meses, para estar m\u00e1s tranquilo y ahorrar un poquito. Los intendentes, los gobernadores y el presidente tienen que gastar menos de lo que le damos de impuestos, que nos cuesta mucho pagar\u201d, a\u00f1adi\u00f3.<\/p>\n<p>\u201cEste camino ya lo han logrado muchos pa\u00edses, nuestros pa\u00edses vecinos lo han logrado, como Chile, Paraguay, Uruguay, Per\u00fa. Ellos viven con presupuestos realidad, acotados, sin despilfarrar, sin robar\u201d, sostuvo. \u201cSi se gasta m\u00e1s de lo que une tiene facilita el desorden, y eso trae m\u00e1s posibilidad de corrupci\u00f3n, como estamos viendo con las denuncias que se est\u00e1n estudiando del gobierno anterior\u201d, complet\u00f3.<\/p>\n<p>\u201cEs un camino que nos ha golpeado, que no es f\u00e1cil, y entiendo a aquellos que est\u00e1n enojados o angustiados, pero cr\u00e9anme que es el \u00fanico camino: decirnos la verdad, el di\u00e1logo, trabajar en equipo. Estamos en minor\u00eda en el Gobierno y dialogamos con la oposici\u00f3n, el peronismo, para hacer las reformas fundamentales que esperan los que votaron un cambio. Y a pesar de los golpes, dir\u00eda que estamos en una mejor posici\u00f3n para encarar el futuro de lo que est\u00e1bamos en el 2015, en una posici\u00f3n m\u00e1s s\u00f3lida\u201d, dijo y remarco, las relaciones internacionales, la institucionalidad, la lucha contra el narcotr\u00e1fico, la conectividad de internet y la &#8220;revoluci\u00f3n&#8221; de los aviones.<\/p>\n<p>En medio de las quejas de los sectores bajos por la falta de empleo y asistencia social, de los sectores medios por los tarifazos, de los empresarios por la suba de impuestos y exiguos incentivos a la producci\u00f3n local, el mandatario se mostr\u00f3 ilusionado con los futuros ingresos de d\u00f3lares que generar\u00e1n los productos agropecuarios. &#8220;El campo va a tener una cosecha r\u00e9cord que va a permitir generar m\u00e1s actividad&#8221; econ\u00f3mica, sostuvo.<\/p>\n<p>&nbsp;<\/p>\n<p><strong>Enojos y angustias<\/strong><\/p>\n<p>Al mismo tiempo que brindaba el reportaje telef\u00f3nico, organizaciones sociales se movilizaban hacia el Ministerio de Salud y Desarrollo Social, as\u00ed como tambi\u00e9n hab\u00eda marchas en distintos puntos del Interior, para reclamar actualizaci\u00f3n de los montos que perciben los beneficiarios de los programas de empleo y la Asignaci\u00f3n Universal por Hijo (AUH).<\/p>\n<p>Barrios de Pie, la Corriente Clasista y Combativa (CCC), la Confederaci\u00f3n de Trabajadores de la Econom\u00eda Popular (CTEP), el Frente Popular Dar\u00edo Santill\u00e1n y el Frente de Organizaciones en Lucha (FOL) llevaban adelante la medida bajo el lema &#8220;Tierra, techo y trabajo&#8221;. La movilizaci\u00f3n cuenta con el apoyo de sectores del sindicalismo como la Corriente Federal, ATE Nacional, CTA Aut\u00f3noma, entre otros.<\/p>\n<p>Asimismo, en las \u00faltimas horas la Uni\u00f3n Industrial Argentina (UIA) estim\u00f3 que la actividad del sector cay\u00f3 3,5% en 2018. Durante la primera junta del a\u00f1o, que re\u00fane a la mesa grande de la UIA con representantes de todo el pa\u00eds, adem\u00e1s de repasar los datos estad\u00edsticos del 2018 se manifest\u00f3 la preocupaci\u00f3n de las distintas regiones y sectores productivos por la ca\u00edda del nivel de actividad.<\/p>\n<p>Jos\u00e9 Urtubey, del Comit\u00e9 Ejecutivo de la entidad fabril, advirti\u00f3 que el modelo econ\u00f3mico del Gobierno &#8220;no nos sirve a los industriales, ni a nadie&#8221; y dijo que las perspectivas para 2019 son que la industria va a volver a caer, un 2,5%. &#8220;La mitad de la industria est\u00e1 paralizada. Eso sintetiza la crisis que vive el sector. Era obvio que \u00edbamos a terminar as\u00ed y no hubo modificaciones en el rumbo que tom\u00f3 el Gobierno nacional&#8221;, enfatiz\u00f3 el dirigente empresario. Adem\u00e1s, record\u00f3 que en los \u00faltimos tres a\u00f1os, se perdieron 107 mil puestos de trabajo en la industria.<\/p>\n<p>En este marco, el Gobierno convoc\u00f3 para el jueves a la ma\u00f1ana a empresarios y entidades del sector para anunciar el lanzamiento de medidas de est\u00edmulo para las econom\u00edas regionales. En encuentro ser\u00e1 a las 9 en el Sal\u00f3n Blanco de la Casa Rosada, y estar\u00e1 encabezado por Macri y el ministro de la Producci\u00f3n, Dante Sica. De acuerdo a lo que trascendi\u00f3, el objetivo de las medidas en an\u00e1lisis ser\u00e1 el de facilitar las ventas al exterior de productos regionales. No se descarta en ese sentido que se modifique el esquema de retenciones.<\/p>\n","protected":false},"excerpt":{"rendered":"<p>El Presidente reconoci\u00f3 los efectos de la devaluaci\u00f3n y la inflaci\u00f3n en los argentinos. &#8220;Ven\u00edamos hace muchos viviendo por arriba de sus posibilidades &#8220;, sostuvo. &#8220;Hay gente enojada y mucha gente angustiada porque cuesta m\u00e1s llegar a fin de mes&#8221;, admiti\u00f3 &nbsp; &nbsp; &nbsp; Antes de partir a Colonia para reunirse con el presidente uruguayo Tabar\u00e9 V\u00e1zquez, Mauricio Macri admiti\u00f3 que hay muchos argentinos que sufren con la crisis econ\u00f3mica, volvi\u00f3 a responsabilizar de la situaci\u00f3n a los anteriores gobiernos y asegur\u00f3 que la actual coyuntura es &#8220;mejor&#8221; que la&#8230;<\/p>\n","protected":false},"author":3,"featured_media":40405,"comment_status":"closed","ping_status":"closed","sticky":false,"template":"","format":"standard","meta":[],"categories":[18],"tags":[],"_links":{"self":[{"href":"https:\/\/www.actualidadadiario.com\/index.php\/wp-json\/wp\/v2\/posts\/40404"}],"collection":[{"href":"https:\/\/www.actualidadadiario.com\/index.php\/wp-json\/wp\/v2\/posts"}],"about":[{"href":"https:\/\/www.actualidadadiario.com\/index.php\/wp-json\/wp\/v2\/types\/post"}],"author":[{"embeddable":true,"href":"https:\/\/www.actualidadadiario.com\/index.php\/wp-json\/wp\/v2\/users\/3"}],"replies":[{"embeddable":true,"href":"https:\/\/www.actualidadadiario.com\/index.php\/wp-json\/wp\/v2\/comments?post=40404"}],"version-history":[{"count":1,"href":"https:\/\/www.actualidadadiario.com\/index.php\/wp-json\/wp\/v2\/posts\/40404\/revisions"}],"predecessor-version":[{"id":40406,"href":"https:\/\/www.actualidadadiario.com\/index.php\/wp-json\/wp\/v2\/posts\/40404\/revisions\/40406"}],"wp:featuredmedia":[{"embeddable":true,"href":"https:\/\/www.actualidadadiario.com\/index.php\/wp-json\/wp\/v2\/media\/40405"}],"wp:attachment":[{"href":"https:\/\/www.actualidadadiario.com\/index.php\/wp-json\/wp\/v2\/media?parent=40404"}],"wp:term":[{"taxonomy":"category","embeddable":true,"href":"https:\/\/www.actualidadadiario.com\/index.php\/wp-json\/wp\/v2\/categories?post=40404"},{"taxonomy":"post_tag","embeddable":true,"href":"https:\/\/www.actualidadadiario.com\/index.php\/wp-json\/wp\/v2\/tags?post=40404"}],"curies":[{"name":"wp","href":"https:\/\/api.w.org\/{rel}","templated":true}]}}