{"id":4038,"date":"2016-11-07T10:09:29","date_gmt":"2016-11-07T13:09:29","guid":{"rendered":"http:\/\/actualidadadiario.com\/site\/?p=4038"},"modified":"2016-11-07T10:09:29","modified_gmt":"2016-11-07T13:09:29","slug":"un-juez-recuso-a-una-fiscal-por-participar-del-niunamenos","status":"publish","type":"post","link":"https:\/\/www.actualidadadiario.com\/index.php\/2016\/11\/07\/un-juez-recuso-a-una-fiscal-por-participar-del-niunamenos\/","title":{"rendered":"Un juez recus\u00f3 a una fiscal por participar del #NiUnaMenos"},"content":{"rendered":"<p><em><strong>Se trata de Juan Carlos Gemignani, el juez acusado por haber hecho detener a una secretaria por no cumplir una orden administrativa. Recus\u00f3 a la fiscal, que particip\u00f3 del paro de mujeres porque, seg\u00fan \u00e9l, &#8220;lo escrach\u00f3&#8221;<\/strong><\/em><\/p>\n<p>&nbsp;<\/p>\n<p>&nbsp;<\/p>\n<p>&nbsp;<\/p>\n<p>&nbsp;<\/p>\n<p>&nbsp;<\/p>\n<p>En una medida ins\u00f3lita o al menos pol\u00e9mica, el juez la C\u00e1mara Federal de Casaci\u00f3n Penal Juan Carlos Gemignani recus\u00f3 a la fiscal federal Paloma Ochoa, a quien acus\u00f3 de participar de un &#8220;escrache&#8221; en su contra dentro de los tribunales de Comodoro Py. Se refer\u00eda a la marcha &#8220;#Ni una menos\u201d.<\/p>\n<p>&nbsp;<\/p>\n<p>La situaci\u00f3n se produjo en el marco de una causa que tramita el juez federal Rodolfo Canicoba Corral en la que la fiscal imput\u00f3 al camarista por el delito de &#8220;abuso de autoridad&#8221;, por haber hecho detener a una secretaria de su tribunal que no obedeci\u00f3 una orden administrativa suya.<\/p>\n<p>&nbsp;<\/p>\n<p>&nbsp;<\/p>\n<p>&nbsp;<\/p>\n<p>&nbsp;<\/p>\n<p>&nbsp;<\/p>\n<p><strong>El caso<\/strong><\/p>\n<p>La particular instancia ocurri\u00f3 el pasado 28 de julio durante la feria judicial de inverno, y ya est\u00e1 en el Consejo de la Magistratura porque Gemignani fue denunciado por la secretaria de la C\u00e1mara de Casaci\u00f3n, Mar\u00eda Amelia Expucci, con el respaldo del sindicato Uni\u00f3n Personal de la Justicia Nacional (UPJN) y la Procuraci\u00f3n contra la Violencia Institucional (Procuvin).<\/p>\n<p>&nbsp;<\/p>\n<p>El camarista pidi\u00f3 el apartamiento de Ochoa de esa causa aduciendo que la fiscal hab\u00eda promovido un &#8220;escrache&#8221; en su contra mediante carteles que denunciaban su actitud dentro del edificio de los tribunales federales de Retiro.<\/p>\n<p>&nbsp;<\/p>\n<p>&nbsp;<\/p>\n<p>La fiscal pidi\u00f3 que se desestime el reclamo de Gemignani, que integra el m\u00e1ximo tribunal penal del pa\u00eds, al recordar que la manifestaci\u00f3n a la que se refer\u00eda el juez fue el Paro Nacional de Mujeres del pasado 19 de octubre.<\/p>\n<p>&nbsp;<\/p>\n<p>Ese d\u00eda, entre las 13 y las 14, hubo un cese de actividades de mujeres bajo la consigna &#8220;Ni una menos&#8221;, que se cumpli\u00f3 ruidosamente dentro en los tribunales, donde el porcentaje de personal femenino es muy alto.<\/p>\n<p>&nbsp;<\/p>\n<p>&nbsp;<\/p>\n<p>&nbsp;<\/p>\n<p>&nbsp;<\/p>\n<p><strong>&#8220;Extravagante y violatorio&#8221;<\/strong><\/p>\n<p>Ochoa, titular de la Fiscal\u00eda Nacional en lo Criminal y Correccional Federal 10, consider\u00f3 que el planteo de recusaci\u00f3n esta &#8220;basado en la confusi\u00f3n si no extravagante, violatoria del derecho a la libertad de expresi\u00f3n y para nada respetuosa de los derechos humanos de las mujeres, que supone entender una movilizaci\u00f3n en defensa de tales derechos como un &#8216;escrache'&#8221; .<\/p>\n<p>&nbsp;<\/p>\n<p>La fiscal neg\u00f3 haber pegado carteles en el primer piso del edificio, donde funciona la C\u00e1mara Federal de Casaci\u00f3n, pero admiti\u00f3 haberlo hecho en el quinto, donde se concentran las fiscal\u00edas sin que &#8220;ninguno de los fiscales varones lo sintiese como un escrache&#8221;, seg\u00fan declar\u00f3.<\/p>\n<p>&nbsp;<\/p>\n<p>En un escrito la fiscal relat\u00f3: &#8220;Durante el recorrido que hicimos en el edificio nadie llev\u00f3 pancartas con el nombre del juez Gemignani, imputado en la causa en la que soy recusada, nadie lo acus\u00f3 de violento, nadie lo insult\u00f3, nadie rompi\u00f3 nada que le perteneciera a \u00e9l o al Estado&#8221;.<\/p>\n<p>&nbsp;<\/p>\n<p>Tambi\u00e9n aduce que &#8220;sentirse escrachado cuando se manifiestan las mujeres en defensa de sus derechos, se convierte en un fuerte argumento que torna a\u00fan m\u00e1s veros\u00edmil, la vinculaci\u00f3n del hecho por el cual est\u00e1 siendo investigado el doctor Gemignani, con la hip\u00f3tesis de un abuso de poder, basado precisamente en el desequilibrio de poder entre varones y mujeres&#8221;, a\u00f1adi\u00f3 la fiscal.<\/p>\n","protected":false},"excerpt":{"rendered":"<p>Se trata de Juan Carlos Gemignani, el juez acusado por haber hecho detener a una secretaria por no cumplir una orden administrativa. Recus\u00f3 a la fiscal, que particip\u00f3 del paro de mujeres porque, seg\u00fan \u00e9l, &#8220;lo escrach\u00f3&#8221; &nbsp; &nbsp; &nbsp; &nbsp; &nbsp; En una medida ins\u00f3lita o al menos pol\u00e9mica, el juez la C\u00e1mara Federal de Casaci\u00f3n Penal Juan Carlos Gemignani recus\u00f3 a la fiscal federal Paloma Ochoa, a quien acus\u00f3 de participar de un &#8220;escrache&#8221; en su contra dentro de los tribunales de Comodoro Py. Se refer\u00eda a la&#8230;<\/p>\n","protected":false},"author":3,"featured_media":4039,"comment_status":"closed","ping_status":"closed","sticky":false,"template":"","format":"standard","meta":[],"categories":[2],"tags":[],"_links":{"self":[{"href":"https:\/\/www.actualidadadiario.com\/index.php\/wp-json\/wp\/v2\/posts\/4038"}],"collection":[{"href":"https:\/\/www.actualidadadiario.com\/index.php\/wp-json\/wp\/v2\/posts"}],"about":[{"href":"https:\/\/www.actualidadadiario.com\/index.php\/wp-json\/wp\/v2\/types\/post"}],"author":[{"embeddable":true,"href":"https:\/\/www.actualidadadiario.com\/index.php\/wp-json\/wp\/v2\/users\/3"}],"replies":[{"embeddable":true,"href":"https:\/\/www.actualidadadiario.com\/index.php\/wp-json\/wp\/v2\/comments?post=4038"}],"version-history":[{"count":1,"href":"https:\/\/www.actualidadadiario.com\/index.php\/wp-json\/wp\/v2\/posts\/4038\/revisions"}],"predecessor-version":[{"id":4040,"href":"https:\/\/www.actualidadadiario.com\/index.php\/wp-json\/wp\/v2\/posts\/4038\/revisions\/4040"}],"wp:featuredmedia":[{"embeddable":true,"href":"https:\/\/www.actualidadadiario.com\/index.php\/wp-json\/wp\/v2\/media\/4039"}],"wp:attachment":[{"href":"https:\/\/www.actualidadadiario.com\/index.php\/wp-json\/wp\/v2\/media?parent=4038"}],"wp:term":[{"taxonomy":"category","embeddable":true,"href":"https:\/\/www.actualidadadiario.com\/index.php\/wp-json\/wp\/v2\/categories?post=4038"},{"taxonomy":"post_tag","embeddable":true,"href":"https:\/\/www.actualidadadiario.com\/index.php\/wp-json\/wp\/v2\/tags?post=4038"}],"curies":[{"name":"wp","href":"https:\/\/api.w.org\/{rel}","templated":true}]}}