{"id":40367,"date":"2019-02-13T10:49:39","date_gmt":"2019-02-13T13:49:39","guid":{"rendered":"https:\/\/www.actualidadadiario.com\/?p=40367"},"modified":"2019-02-13T10:49:39","modified_gmt":"2019-02-13T13:49:39","slug":"bordet-inaugurara-el-viernes-el-periodo-legislativo","status":"publish","type":"post","link":"https:\/\/www.actualidadadiario.com\/index.php\/2019\/02\/13\/bordet-inaugurara-el-viernes-el-periodo-legislativo\/","title":{"rendered":"Bordet inaugurar\u00e1 el viernes el per\u00edodo legislativo"},"content":{"rendered":"<p><em><strong>La Asamblea Legislativa, conformada por los diputados y senadores entrerrianos, fue convocada para este viernes para iniciar el per\u00edodo 140\u00ba de sesiones ordinarias en el acto que encabezar\u00e1 el Gobernador, Gustavo Bordet<\/strong><\/em><\/p>\n<p>&nbsp;<\/p>\n<p>&nbsp;<\/p>\n<p>&nbsp;<\/p>\n<p>El gobernador Gustavo Bordet dejar\u00e1 inaugurado el a\u00f1o legislativo 2019 el pr\u00f3ximo jueves 15 de febrero a las 19, cumpliendo con el mandamiento constitucional de exponer el estado de la provincia ante la Asamblea Legislativa.<\/p>\n<p>Sera el 137\u00ba per\u00edodo de sesiones ordinarias de la Legislatura d\u00f3nde el gobernador expondr\u00e1 el estado general de la administraci\u00f3n y las proyecciones del \u00faltimo a\u00f1o de su mandato, que intentar\u00e1 extender por cuatro m\u00e1s en las elecciones que se realizar\u00e1n en un mes.<\/p>\n<p>El \u00e1mbito de realizaci\u00f3n ser\u00e1 el Centro de Convenciones, que se eligi\u00f3 teniendo en cuenta su \u201ccomodidad y accesibilidad\u201d, pero tambi\u00e9n para mostrar el moderno edificio a los entrerrianos. As\u00ed lo explic\u00f3 el propio mandatario provincial, quien adem\u00e1s adelant\u00f3 que el mensaje a la Legislatura, el \u00faltimo de esta gesti\u00f3n, \u201ctendr\u00e1 un repaso sobre lo actuado, lo que hemos cumplido y tambi\u00e9n el desaf\u00edo de los meses que nos quedan de completar el mandato tal cual nos comprometimos con los entrerrianos\u201d. \u201cCreo que hemos hecho mucho m\u00e1s de lo que hab\u00edamos comprometido a principios de gesti\u00f3n, porque en ese momento la situaci\u00f3n era realmente muy cr\u00edtica, no sab\u00edamos si \u00edbamos a poder pagar los sueldos. Hoy la situaci\u00f3n de la provincia claramente es otra, entonces esto nos ha posibilitado hacer much\u00edsimas m\u00e1s obras y acciones que en principio parec\u00edan dif\u00edciles de conseguir financiamiento y sin embargo lo hemos alcanzado\u201d, explic\u00f3.<\/p>\n<p>Antes de que el Gobernador pronuncie su discurso ante la Asamblea Legislativa, compuesta por quienes integran el Senado y Diputados, estas c\u00e1maras deber\u00e1n definir sus autoridades y otras formalidades, como quienes integrar\u00e1n las comisiones de Interior y Exterior que recibir\u00e1n al Gobernador en las afueras y adentro del recinto donde se concretar\u00e1 la sesi\u00f3n.<\/p>\n<p>El Senado ya comunic\u00f3 que tendr\u00e1 definida su situaci\u00f3n: ese mismo viernes 15 a las 17:30 se realizar\u00e1 la sesi\u00f3n preparatoria, donde no se esperan sorpresas. En cambio, en Diputados ser\u00e1 el d\u00eda jueves a las 11.<\/p>\n","protected":false},"excerpt":{"rendered":"<p>La Asamblea Legislativa, conformada por los diputados y senadores entrerrianos, fue convocada para este viernes para iniciar el per\u00edodo 140\u00ba de sesiones ordinarias en el acto que encabezar\u00e1 el Gobernador, Gustavo Bordet &nbsp; &nbsp; &nbsp; El gobernador Gustavo Bordet dejar\u00e1 inaugurado el a\u00f1o legislativo 2019 el pr\u00f3ximo jueves 15 de febrero a las 19, cumpliendo con el mandamiento constitucional de exponer el estado de la provincia ante la Asamblea Legislativa. Sera el 137\u00ba per\u00edodo de sesiones ordinarias de la Legislatura d\u00f3nde el gobernador expondr\u00e1 el estado general de la administraci\u00f3n&#8230;<\/p>\n","protected":false},"author":3,"featured_media":40368,"comment_status":"closed","ping_status":"closed","sticky":false,"template":"","format":"standard","meta":[],"categories":[9],"tags":[],"_links":{"self":[{"href":"https:\/\/www.actualidadadiario.com\/index.php\/wp-json\/wp\/v2\/posts\/40367"}],"collection":[{"href":"https:\/\/www.actualidadadiario.com\/index.php\/wp-json\/wp\/v2\/posts"}],"about":[{"href":"https:\/\/www.actualidadadiario.com\/index.php\/wp-json\/wp\/v2\/types\/post"}],"author":[{"embeddable":true,"href":"https:\/\/www.actualidadadiario.com\/index.php\/wp-json\/wp\/v2\/users\/3"}],"replies":[{"embeddable":true,"href":"https:\/\/www.actualidadadiario.com\/index.php\/wp-json\/wp\/v2\/comments?post=40367"}],"version-history":[{"count":1,"href":"https:\/\/www.actualidadadiario.com\/index.php\/wp-json\/wp\/v2\/posts\/40367\/revisions"}],"predecessor-version":[{"id":40369,"href":"https:\/\/www.actualidadadiario.com\/index.php\/wp-json\/wp\/v2\/posts\/40367\/revisions\/40369"}],"wp:featuredmedia":[{"embeddable":true,"href":"https:\/\/www.actualidadadiario.com\/index.php\/wp-json\/wp\/v2\/media\/40368"}],"wp:attachment":[{"href":"https:\/\/www.actualidadadiario.com\/index.php\/wp-json\/wp\/v2\/media?parent=40367"}],"wp:term":[{"taxonomy":"category","embeddable":true,"href":"https:\/\/www.actualidadadiario.com\/index.php\/wp-json\/wp\/v2\/categories?post=40367"},{"taxonomy":"post_tag","embeddable":true,"href":"https:\/\/www.actualidadadiario.com\/index.php\/wp-json\/wp\/v2\/tags?post=40367"}],"curies":[{"name":"wp","href":"https:\/\/api.w.org\/{rel}","templated":true}]}}